{"id":2357,"date":"2023-03-01T12:00:51","date_gmt":"2023-03-01T11:00:51","guid":{"rendered":"https:\/\/agendaescolar.lenguasdearagon.org\/?p=2357"},"modified":"2023-05-22T14:07:01","modified_gmt":"2023-05-22T12:07:01","slug":"journee-de-la-zero-discrimination","status":"publish","type":"post","link":"https:\/\/agendaescolar.lenguasdearagon.org\/fr\/journee-de-la-zero-discrimination\/","title":{"rendered":"Journ\u00e9e Z\u00e9ro Discrimination"},"content":{"rendered":"\n<div class=\"wp-block-group has-light-gray-background-color has-background is-layout-flow wp-block-group-is-layout-flow\">\n<h2 class=\"wp-block-heading has-text-align-center\">IL N EST PAS FACILE D&rsquo;\u00caTRE VERT<\/h2>\n\n\n\n<p>Je suis un chien vert. Oui, oui, oui. Je suis un chien et je suis vert. Je suis un husky sib\u00e9rien vert. Au lieu d&rsquo;avoir la fourrure noire et blanche typique des huskies, la mienne est verte. Je ne l&rsquo;ai pas choisi, je ne le teins pas ou autre. C&rsquo;est juste que je suis n\u00e9 comme \u00e7a et je ne pouvais rien y faire. Donc je suis un chien vert.<\/p>\n\n\n\n<p>Normalement, tout le monde aime les chiens comme moi : grands, forts, actifs, protecteurs de la meute. Sauf si tu es vert. Si tu es vert, tout le monde se fiche que tu sois grand, doux, le plus fort, le plus actif et que tu prot\u00e8ges la meute comme personne n&rsquo;a jamais prot\u00e9g\u00e9 sa famille auparavant parce que, avant tout, tu es vert.<\/p>\n\n\n\n<p>Je le sais parce que j&rsquo;en ai fait l&rsquo;exp\u00e9rience moi-m\u00eame. Une famille m&rsquo;a adopt\u00e9 il y a quelques ann\u00e9es et j&rsquo;ai essay\u00e9 d&rsquo;\u00eatre le meilleur chien du monde : le plus loyal, le meilleur ami de tous et pr\u00eat \u00e0 tout pour aider n&rsquo;importe quel parent du gar\u00e7on qui m&rsquo;a adopt\u00e9. Mais lorsque sa grand-m\u00e8re m&rsquo;a vu, elle s&rsquo;est moqu\u00e9e de mes efforts : \u00ab\u00a0Mais comment vas-tu prot\u00e9ger ma famille ? Ne vois-tu pas que tu es vert ?<\/p>\n\n\n\n<p>Et elle avait raison. Si elle m&rsquo;avait dit que j&rsquo;\u00e9tais un mauvais chien, j&rsquo;aurais \u00e9t\u00e9 capable de le r\u00e9futer. Je lui aurais dit que je suivais le credo du chien \u00e0 la lettre et que je n&rsquo;ai jamais \u00e9t\u00e9 connu pour laisser ma meute sans protection. Mais il n&rsquo;a pas dit \u00e7a, il a dit que j&rsquo;\u00e9tais verte, et face \u00e0 ce fait irr\u00e9futable, je ne savais pas quoi dire. J&rsquo;ai donc d\u00fb quitter cette maison.<\/p>\n\n\n\n<p>Si j&rsquo;avais eu les mots, j&rsquo;aurais aim\u00e9 lui dire que, bien que je sois vert, je suis un chien comme tout le monde, je cours, j&rsquo;aboie, je me pelotonne sur le canap\u00e9 et je renifle comme tout le monde. Le vert est juste une couleur qui, pour des raisons ind\u00e9pendantes de ma volont\u00e9, s&rsquo;est retrouv\u00e9e dans mon manteau.<\/p>\n\n\n\n<p>J&rsquo;aurais aim\u00e9 leur dire, mais quand je vois le regard de d\u00e9go\u00fbt d\u00e9guis\u00e9 et de surprise qu&rsquo;ils me lancent parfois, les mots me manquent g\u00e9n\u00e9ralement. Que leur diriez-vous ? Leur diriez-vous d&rsquo;essayer d&rsquo;arr\u00eater de regarder votre fourrure et d&rsquo;apprendre \u00e0 vous conna\u00eetre ? Il est difficile de les convaincre car on nous a tous appris qu&rsquo;un chien vert est une chose \u00e9trange, n&rsquo;avez-vous pas entendu l&rsquo;expression ? Tu es plus bizarre qu&rsquo;un chien vert. Si vous l&rsquo;avez entendu toute votre vie, il est normal de le penser, n&rsquo;est-ce pas ?<\/p>\n\n\n\n<p>Mais que se passe-t-il si vous \u00eates un chien vert ? Que vous vous sentez mal, une vraie \u00e9pave qui ne m\u00e9rite le respect de personne, c&rsquo;est ce que vous pensez quand tout ce qu&rsquo;on voit de vous est que vous \u00eates vert, ou jaune, ou noir, ou musulman, ou gay, ou pauvre. \u00c7a ne compte pas que nous soyons de bons chiens ? Ou de bons humains ?<\/p>\n<\/div>\n\n\n\n<h4 class=\"wp-block-heading\"><strong>Description<\/strong> <strong><\/strong><\/h4>\n\n\n\n<p>Depuis 2014, le droit de toute personne \u00e0 vivre une vie pleine et productive dans la dignit\u00e9 est c\u00e9l\u00e9br\u00e9 \u00e0 cette date. La Journ\u00e9e de la discrimination z\u00e9ro vise \u00e0 promouvoir l&rsquo;inclusion, la solidarit\u00e9 et la paix et, surtout, \u00e0 contribuer aux changements qui rendent possible une soci\u00e9t\u00e9 plus durable.<\/p>\n\n\n\n<p>Le droit \u00e0 la non-discrimination implique que toutes les personnes soient trait\u00e9es avec dignit\u00e9 : que leur autonomie, leur vie priv\u00e9e et leur confidentialit\u00e9 soient respect\u00e9es, et qu&rsquo;elles soient garanties contre la coercition et les abus sur un pied d&rsquo;\u00e9galit\u00e9.<\/p>\n\n\n\n<p>Dans le but de d\u00e9fendre les droits de l&rsquo;homme et les libert\u00e9s fondamentales, un accent particulier est mis sur la dignit\u00e9 de toutes les personnes, quels que soient leurs choix affectifs et sexuels et leur identit\u00e9 de genre, une journ\u00e9e promue par le Programme commun des Nations unies sur le VIH\/sida (ONUSIDA).<\/p>\n\n\n\n<figure class=\"wp-block-image size-large\"><img loading=\"lazy\" decoding=\"async\" width=\"1024\" height=\"707\" src=\"https:\/\/agendaescolar.lenguasdearagon.org\/wp-content\/uploads\/2022\/08\/image-8-1024x707.png\" alt=\" class=\" class=\"wp-image-1767\" srcset=\"https:\/\/agendaescolar.lenguasdearagon.org\/wp-content\/uploads\/2022\/08\/image-8-1024x707.png 1024w, https:\/\/agendaescolar.lenguasdearagon.org\/wp-content\/uploads\/2022\/08\/image-8-300x207.png 300w, https:\/\/agendaescolar.lenguasdearagon.org\/wp-content\/uploads\/2022\/08\/image-8-768x530.png 768w, https:\/\/agendaescolar.lenguasdearagon.org\/wp-content\/uploads\/2022\/08\/image-8.png 1261w\" sizes=\"auto, (max-width: 1024px) 100vw, 1024px\" \/><\/figure>\n\n\n\n<h5 class=\"wp-block-heading\">Pour en savoir plus<\/h5>\n\n\n\n<ul class=\"wp-block-list\">\n<li>Sur le site Internet de l&rsquo;ONUSIDA, <a href=\"https:\/\/www.unaids.org\/fr\/zero-discrimination-day\" data-type=\"URL\" data-id=\"https:\/\/www.unaids.org\/fr\/zero-discrimination-day\">La Journ\u00e9e Z\u00e9ro Discrimination<\/a>. <a rel=\"noreferrer noopener\" href=\"https:\/\/www.unaids.org\/es\/zero-discrimination-day\" target=\"_blank\"><\/a><\/li>\n<\/ul>\n\n\n\n<p class=\"has-light-gray-background-color has-background\"><em> Le contenu et les objectifs de cette proposition co\u00efncident en partie avec ceux de la <a href=\"https:\/\/agendaescolar.lenguasdearagon.org\/fr\/journee-internationale-contre-la-violence-et-le-harcelement-scolaire\/\" data-type=\"URL\" data-id=\"https:\/\/agendaescolar.lenguasdearagon.org\/fr\/journee-internationale-contre-la-violence-et-le-harcelement-scolaire\/\">Journ\u00e9e internationale contre la violence et le harc\u00e8lement en milieu scolaire <\/a> (premier jeudi de novembre) et  de la <a href=\"https:\/\/agendaescolar.lenguasdearagon.org\/fr\/journee-des-droits-de-lhomme\/\" data-type=\"URL\" data-id=\"https:\/\/agendaescolar.lenguasdearagon.org\/fr\/journee-des-droits-de-lhomme\/\">Journ\u00e9e des droits de l&rsquo;homme<\/a> (10 d\u00e9cembre). Elle est \u00e9galement li\u00e9e \u00e0 la <a href=\"https:\/\/www.unaids.org\/fr\/World_AIDS_Day\" data-type=\"URL\" data-id=\"https:\/\/www.unaids.org\/fr\/World_AIDS_Day\" target=\"_blank\" rel=\"noreferrer noopener\">Journ\u00e9e mondiale de lutte contre le sida<\/a> (1er d\u00e9cembre). <\/em><\/p>\n\n\n\n<h4 class=\"wp-block-heading\">En Aragon\u2026<\/h4>\n\n\n\n<p>Ici, depuis quelques ann\u00e9es, diff\u00e9rentes entit\u00e9s (collectifs LGTBIQ+, syndicats, organismes officiels, universit\u00e9, organisations non gouvernementales, etc.) organisent des \u00e9v\u00e9nements, des conf\u00e9rences, des tables d&rsquo;information&#8230; afin de sensibiliser \u00e0 la diversit\u00e9 et de montrer le rejet de la discrimination sous toutes ses formes.<\/p>\n\n\n\n<p>Au-del\u00e0 de la signification sp\u00e9cifique de cette date, nous disposons en Aragon de l&rsquo;<strong>Espace d&rsquo;attention pour l&rsquo;\u00e9galit\u00e9 et la non-discrimination<\/strong>, qui d\u00e9pend du Service de l&rsquo;\u00e9galit\u00e9 de la Direction g\u00e9n\u00e9rale de l&rsquo;\u00e9galit\u00e9 et des familles, dont la mission est de mener \u00e0 bien des actions et des mesures qui, dans le cadre de l&rsquo;administration de notre communaut\u00e9 autonome, contribuent \u00e0 la promotion de l&rsquo;\u00e9galit\u00e9 de traitement et de la non-discrimination.<\/p>\n\n\n\n<p>A partir de <a href=\"https:\/\/www.aragon.es\/-\/oficina-aragonesa-contra-la-discriminacion\" data-type=\"URL\" data-id=\"https:\/\/www.aragon.es\/-\/oficina-aragonesa-contra-la-discriminacion\" target=\"_blank\" rel=\"noreferrer noopener\">ce lien<\/a> vous pouvez acc\u00e9der aux ressources que cette direction g\u00e9n\u00e9rale met \u00e0 la disposition de toutes les personnes qui demandent l&rsquo;acc\u00e8s \u00e0 l&rsquo;un des services d&rsquo;\u00e9galit\u00e9 ou qui d\u00e9posent une plainte pour avoir subi un incident discriminatoire.<\/p>\n\n\n\n<figure class=\"wp-block-image\"><a href=\"https:\/\/www.aragon.es\/-\/oficina-aragonesa-contra-la-discriminacion\" target=\"_blank\" rel=\"noreferrer noopener\"><img decoding=\"async\" src=\"https:\/\/lh6.googleusercontent.com\/l-pgOZmpfWeqn6sd_6exmMNeZ2vBg5xcHJy1LJ35t3oc6VUfvs9U5hiKoUIFZoRW-cxj5AhJ3gsR6c2GuNoR0dRjj1CsBJApAMrc6HLb4Oo-8GoGyZxWQ2voucgZynHPzohmBM51XUzCjQwgHTqnbg\" alt=\"\/&gt;<\/a&gt;<figcaption&gt;<a href=\"\/><\/a><\/figure>\n\n\n\n<h4 class=\"wp-block-heading\">Un d\u00e9tail<\/h4>\n\n\n\n<p>Les diff\u00e9rentes c\u00e9l\u00e9brations qui ont lieu chaque ann\u00e9e mettent l&rsquo;accent sur diff\u00e9rents aspects et d\u00e9tails qui permettent de concentrer l&rsquo;attention sur eux. Jusqu&rsquo;\u00e0 pr\u00e9sent, ils l&rsquo;ont \u00e9t\u00e9 :<\/p>\n\n\n\n<div class=\"wp-block-columns is-layout-flex wp-container-core-columns-is-layout-9d6595d7 wp-block-columns-is-layout-flex\">\n<div class=\"wp-block-column is-layout-flow wp-block-column-is-layout-flow\" style=\"flex-basis:66.66%\">\n<ul class=\"wp-block-list\">\n<li>2014. Rejoignez la transformation<\/li>\n\n\n\n<li>2015. Ouvrez-vous au monde, tendez la main<\/li>\n\n\n\n<li>2016 Distinguez vous<\/li>\n\n\n\n<li>2017 Faites-vous sentir, par la #cerodiscrimination<\/li>\n\n\n\n<li>2018. Faites-vous de la discrimination?<\/li>\n\n\n\n<li>2019. Movilisez-vous pour changer les lois discriminatoires<\/li>\n\n\n\n<li>2020. Z\u00e9ro discrimination \u00e0 l&rsquo;\u00e9gard des femmes et des filles<\/li>\n\n\n\n<li>2021 Mettez fin aux in\u00e9galit\u00e9s<\/li>\n\n\n\n<li>2022. \u00c9liminons les lois qui nuisent, cr\u00e9ons des lois qui donnent du pouvoir.<\/li>\n\n\n\n<li>2023. D\u00e9p\u00e9naliser sauve des vies<\/li>\n<\/ul>\n<\/div>\n\n\n\n<div class=\"wp-block-column is-layout-flow wp-block-column-is-layout-flow\" style=\"flex-basis:33.33%\">\n<p><img decoding=\"async\" src=\"https:\/\/lh5.googleusercontent.com\/kWe6QNDBA-4c1OqePCNnfeQVkzRCnplO38eyVByAnr3L_hfduJqUKkI-G7YOzDJHyy3gwHGpCZotn8ItgbSU28lYR6ziN4Hv_G_Ss-N_dt-qFrTbtpNq8R9S4yn1ep2krwdNqeu-DbmZuYGPu-qzmg\" width=\"375.209299325943\" height=\"170\"><\/p>\n\n\n\n<p><img loading=\"lazy\" decoding=\"async\" src=\"https:\/\/lh6.googleusercontent.com\/-QhviSeCJ3LkqHkRCso6bZWeBeIfU7pZ1C7mXykXmiQcJglSiHliFVoD1APzlLRyUPcoMycU_bqzjK013MQcschi0KJXG-jki0L9gY8F6THdcv8ka7GkeSuJjAMuW2sRl_W-GHbYuFuw8KB9Epg1hw\" width=\"255\" height=\"170\"><\/p>\n<\/div>\n<\/div>\n\n\n\n<h4 class=\"wp-block-heading\">Une r\u00e9flexion<\/h4>\n\n\n\n<p>L&rsquo;ONUSIDA synth\u00e9tise les efforts de plusieurs agences des Nations unies pour tenter d&rsquo;\u00e9radiquer l&rsquo;\u00e9pid\u00e9mie de VIH\/sida, \u00e9laborer des strat\u00e9gies et lutter contre la stigmatisation dont elle fait l&rsquo;objet. Depuis son apparition il y a une quarantaine d&rsquo;ann\u00e9es, les groupes qui ont le plus souffert de la maladie (les homosexuels et les toxicomanes) ont \u00e9t\u00e9 accus\u00e9s, alors qu&rsquo;il s&rsquo;agit en r\u00e9alit\u00e9 d&rsquo;une maladie cruelle, qui a fait des millions de victimes et qui est particuli\u00e8rement r\u00e9pandue dans les pays du tiers monde.<\/p>\n\n\n\n<p>Le sida est un probl\u00e8me de sant\u00e9 publique, mais il refl\u00e8te \u00e9galement les in\u00e9galit\u00e9s sociales, les d\u00e9s\u00e9quilibres mondiaux, et concentre autour de lui les pr\u00e9jug\u00e9s, l&rsquo;ignorance et la discrimination. Il est donc logique que dans ce domaine, le terme \u00ab\u00a0z\u00e9ro discrimination\u00a0\u00bb soit utilis\u00e9. Parmi les diff\u00e9rentes ressources et publications disponibles sur le site web de l&rsquo;ONUSIDA, voir le rapport <a href=\"https:\/\/www.unaids.org\/fr\/resources\/presscentre\/featurestories\/2022\/march\/20220303_eu-global-partnership-hiv-stigma-discrimination.\" data-type=\"URL\" data-id=\"https:\/\/www.unaids.org\/fr\/resources\/presscentre\/featurestories\/2022\/march\/20220303_eu-global-partnership-hiv-stigma-discrimination.\">\u00ab\u00a0Participation de l&rsquo;UE \u00e0 l&rsquo;Alliance Global dans la Journ\u00e9e Z\u00e9ro Discrimination\u00a0\u00bb<\/a>.<a rel=\"noreferrer noopener\" href=\"https:\/\/www.unaids.org\/en\/resources\/presscentre\/featurestories\/2022\/march\/20220303_eu-global-partnership-hiv-stigma-discrimination.\" target=\"_blank\"><\/a><\/p>\n\n\n\n<h4 class=\"wp-block-heading\">Suggestions pour les enseignants<\/h4>\n\n\n\n<p>Le Programme commun des Nations unies sur le VIH\/sida (ONUSIDA) rassemble les efforts de 11 organisations des Nations unies : le HCR, l&rsquo;UNICEF, le PAM, le PNUD, le FNUAP, l&rsquo;ONUDC, ONU Femmes, l&rsquo;OIT, l&rsquo;UNESCO, l&rsquo;OMS et la Banque mondiale. Vous pouvez rechercher les acronymes et entamer une conversation sur les relations de chacune de ces organisations.<\/p>\n\n\n\n<figure class=\"wp-block-image aligncenter\"><a href=\"https:\/\/www.unaids.org\/es\/resources\/infographics\" target=\"_blank\" rel=\"noreferrer noopener\"><img decoding=\"async\" src=\"https:\/\/lh3.googleusercontent.com\/PC03ss201N2nR5g-NWkUZt2kaD988t6LkAfKLxCEpFKKwpWPBeUz-GcU7QynTCMsjbLSYn9EqbVOaWuopIYYuBsqdT1PMoVrRBwvVAoIgf4CvRZXdtRFg-R7nw7ipOya1YOO7rGDMOeIa1KVqpgWLg\" alt=\"\/><\/a><figcaption><a href=\"https:\/\/www.unaids.org\/es\/resources\/infographics\" target=\"_blank\" rel=\"noreferrer noopener\">Ressources infographiques ONUSIDA<\/a><\/figcaption><\/figure>\n\n\n\n<p> Il est recommand\u00e9 de rester en contact avec les diff\u00e9rentes campagnes qui sont r\u00e9guli\u00e8rement pr\u00e9sent\u00e9es dans l&rsquo;environnement des Nations unies, principalement en relation avec les objectifs de d\u00e9veloppement durable. Par exemple, visitez et r\u00e9fl\u00e9chissez \u00e0 des contenus tels que ceux propos\u00e9s sur le <a rel=\"noreferrer noopener\" href=\"https:\/\/apoyopositivo.org\/blog\/zerodiscriminacion2022\/\" target=\"_blank\">site \u00ab Support positif \u00bb.<\/a><\/p>\n\n\n\n<div class=\"wp-block-group has-light-gray-background-color has-background is-layout-flow wp-block-group-is-layout-flow\">\n<p>Cette proposition est clairement transversale et n\u00e9cessite une attention permanente dans la classe et \u00e0 l&rsquo;\u00e9cole. Elle renforce le d\u00e9veloppement des valeurs qui favorisent l&rsquo;\u00e9galit\u00e9 effective entre les hommes et les femmes et la pr\u00e9vention de la violence de genre, ainsi que les valeurs inh\u00e9rentes au principe d&rsquo;\u00e9galit\u00e9 de traitement et de non-discrimination pour toute condition ou circonstance personnelle ou sociale, en encourageant l&rsquo;apprentissage de la pr\u00e9vention de tout type de violence et la r\u00e9solution pacifique des conflits.<\/p>\n\n\n\n<p>Elle participe \u00e0 des principes m\u00e9thodologiques tels que l&rsquo;attention \u00e0 la diversit\u00e9 des \u00e9l\u00e8ves et une attention particuli\u00e8re \u00e0 l&rsquo;intelligence \u00e9motionnelle, en promouvant un climat de classe et d&rsquo;\u00e9cole qui favorise l&rsquo;\u00e9quilibre personnel et les relations personnelles bas\u00e9es sur les valeurs fondamentales de la coexistence, de la pr\u00e9vention des conflits et de leur r\u00e9solution pacifique, ainsi que de la non-violence dans tous les domaines.<\/p>\n\n\n\n<p class=\"has-text-align-center\"><img loading=\"lazy\" decoding=\"async\" src=\"https:\/\/lh6.googleusercontent.com\/KeIZa2V6MesyM6dyNlyVSaED8j0Uaa3q0rnakR_2uHda1bPkOBuhPQiS-VsDgCAnr_W8g1UhOlG28gDXArdF2nlfsVeba7zrx6u_a-LUk1VoEhVKo_lVL0CpdaVOJ5ijPcfsQxXVQct4dk-ky4hWrQ\" width=\"567\" height=\"138\"><\/p>\n<\/div>\n\n\n\n<h4 class=\"wp-block-heading\">Objectifs que cette proposition contribue \u00e0 atteindre<\/h4>\n\n\n\n<h5 class=\"wp-block-heading\">ESO:<\/h5>\n\n\n\n<ul class=\"wp-block-list\">\n<li>Assumer leurs devoirs de mani\u00e8re responsable, conna\u00eetre et exercer leurs droits dans le respect d&rsquo;autrui, pratiquer la tol\u00e9rance, la coop\u00e9ration et la solidarit\u00e9 entre les individus et les groupes, s&rsquo;exercer au dialogue, renforcer les droits de l&rsquo;homme et l&rsquo;\u00e9galit\u00e9 de traitement et de chances entre les femmes et les hommes, en tant que valeurs communes d&rsquo;une soci\u00e9t\u00e9 plurielle, et se pr\u00e9parer \u00e0 l&rsquo;exercice de la citoyennet\u00e9 d\u00e9mocratique.<\/li>\n\n\n\n<li>Valoriser et respecter la diff\u00e9rence entre les sexes et l&rsquo;\u00e9galit\u00e9 des droits et des chances entre eux. Rejeter toute discrimination \u00e0 l&rsquo;\u00e9gard des personnes fond\u00e9e sur le sexe ou sur toute autre condition ou circonstance personnelle ou sociale. Rejeter les st\u00e9r\u00e9otypes discriminatoires entre hommes et femmes, ainsi que toute manifestation de violence \u00e0 l&rsquo;\u00e9gard des femmes.<\/li>\n\n\n\n<li>Renforcer leurs capacit\u00e9s affectives dans tous les domaines de leur personnalit\u00e9 et dans leurs relations avec les autres, ainsi que pour rejeter la violence, les pr\u00e9jug\u00e9s de toute nature, les comportements sexistes et pour r\u00e9soudre pacifiquement les conflits. les conflits.<\/li>\n<\/ul>\n\n\n\n<h5 class=\"wp-block-heading\">Baccalaur\u00e9at:<\/h5>\n\n\n\n<ul class=\"wp-block-list\">\n<li>Exercer une citoyennet\u00e9 d\u00e9mocratique, dans une perspective globale, et acqu\u00e9rir une conscience civique responsable, inspir\u00e9e par les valeurs de la Constitution espagnole, ainsi que par les droits de l&rsquo;homme, qui favorise la coresponsabilit\u00e9 dans la construction d&rsquo;une soci\u00e9t\u00e9 juste et \u00e9quitable.<\/li>\n\n\n\n<li>Consolider la maturit\u00e9 personnelle et sociale qui leur permet d&rsquo;agir de mani\u00e8re responsable et autonome et de d\u00e9velopper leur esprit critique. Pr\u00e9voir et r\u00e9soudre pacifiquement les conflits personnels, familiaux et sociaux.<\/li>\n\n\n\n<li>Promouvoir l&rsquo;\u00e9galit\u00e9 effective des droits et des chances entre les hommes et les femmes, analyser et \u00e9valuer de mani\u00e8re critique les in\u00e9galit\u00e9s et les discriminations existantes, en particulier la violence \u00e0 l&rsquo;\u00e9gard des femmes, et promouvoir l&rsquo;\u00e9galit\u00e9 r\u00e9elle et la non-discrimination des personnes sur la base de toute condition ou circonstance personnelle ou sociale, en accordant une attention particuli\u00e8re aux personnes handicap\u00e9es.<\/li>\n<\/ul>\n\n\n\n<p><strong>Sujets avec lesquels ell peut \u00eatre li\u00e9e<\/strong><\/p>\n\n\n\n<ul class=\"wp-block-list\">\n<li>Valeurs \u00e9thiques (ESO, 1er et 2e cycles)<\/li>\n\n\n\n<li>\u00c9ducation \u00e0 la citoyennet\u00e9 et aux droits de l&rsquo;homme (ESO, deuxi\u00e8me cycle)<\/li>\n\n\n\n<li>Baccalaur\u00e9at: \u00c0 attribuer en fonction de la modalit\u00e9<\/li>\n<\/ul>\n\n\n\n<p><strong>D\u00e9veloppement des comp\u00e9tences<\/strong><\/p>\n\n\n\n<ul class=\"wp-block-list\">\n<li>Comp\u00e9tences sociales et civiques<\/li>\n<\/ul>\n","protected":false},"excerpt":{"rendered":"<p>IL N EST PAS FACILE D&rsquo;\u00caTRE VERT Je suis un chien vert. Oui, oui, oui. Je suis un chien et je suis vert. Je suis &#8230;<\/p>\n","protected":false},"author":5,"featured_media":0,"comment_status":"closed","ping_status":"open","sticky":false,"template":"","format":"standard","meta":{"_monsterinsights_skip_tracking":false,"_monsterinsights_sitenote_active":false,"_monsterinsights_sitenote_note":"","_monsterinsights_sitenote_category":0,"footnotes":""},"categories":[52],"tags":[],"class_list":["post-2357","post","type-post","status-publish","format-standard","hentry","category-non-classifiee"],"_links":{"self":[{"href":"https:\/\/agendaescolar.lenguasdearagon.org\/fr\/wp-json\/wp\/v2\/posts\/2357","targetHints":{"allow":["GET"]}}],"collection":[{"href":"https:\/\/agendaescolar.lenguasdearagon.org\/fr\/wp-json\/wp\/v2\/posts"}],"about":[{"href":"https:\/\/agendaescolar.lenguasdearagon.org\/fr\/wp-json\/wp\/v2\/types\/post"}],"author":[{"embeddable":true,"href":"https:\/\/agendaescolar.lenguasdearagon.org\/fr\/wp-json\/wp\/v2\/users\/5"}],"replies":[{"embeddable":true,"href":"https:\/\/agendaescolar.lenguasdearagon.org\/fr\/wp-json\/wp\/v2\/comments?post=2357"}],"version-history":[{"count":9,"href":"https:\/\/agendaescolar.lenguasdearagon.org\/fr\/wp-json\/wp\/v2\/posts\/2357\/revisions"}],"predecessor-version":[{"id":3839,"href":"https:\/\/agendaescolar.lenguasdearagon.org\/fr\/wp-json\/wp\/v2\/posts\/2357\/revisions\/3839"}],"wp:attachment":[{"href":"https:\/\/agendaescolar.lenguasdearagon.org\/fr\/wp-json\/wp\/v2\/media?parent=2357"}],"wp:term":[{"taxonomy":"category","embeddable":true,"href":"https:\/\/agendaescolar.lenguasdearagon.org\/fr\/wp-json\/wp\/v2\/categories?post=2357"},{"taxonomy":"post_tag","embeddable":true,"href":"https:\/\/agendaescolar.lenguasdearagon.org\/fr\/wp-json\/wp\/v2\/tags?post=2357"}],"curies":[{"name":"wp","href":"https:\/\/api.w.org\/{rel}","templated":true}]}}