{"id":2311,"date":"2023-04-06T12:00:49","date_gmt":"2023-04-06T10:00:49","guid":{"rendered":"https:\/\/agendaescolar.lenguasdearagon.org\/?p=2311"},"modified":"2023-05-22T19:35:11","modified_gmt":"2023-05-22T17:35:11","slug":"journee-internationale-du-sport-pour-le-developpement-et-la-paix","status":"publish","type":"post","link":"https:\/\/agendaescolar.lenguasdearagon.org\/fr\/journee-internationale-du-sport-pour-le-developpement-et-la-paix\/","title":{"rendered":"Journ\u00e9e internationale du sport pour le d\u00e9veloppement et la paix"},"content":{"rendered":"\n<div class=\"wp-block-group has-light-gray-background-color has-background is-layout-flow wp-block-group-is-layout-flow\">\n<h2 class=\"wp-block-heading has-text-align-center\">ILS SONT FOUS CES <em>RUNNERS<\/em><\/h2>\n\n\n\n<p>Pour moi, courir semble \u00eatre une course folle. <\/p>\n\n\n\n<p>Manquent-ils le bus tous les jours \u00e0 la m\u00eame heure avec leur petit sac \u00e0 dos ? Sont-ils en retard pour l&rsquo;a\u00e9roport ? Ou ratent-ils leur s\u00e9rie pr\u00e9f\u00e9r\u00e9e ?<\/p>\n\n\n\n<p>Ces gens qui courent, Dieu sait o\u00f9, ne doivent pas savoir que Netflix existe. S&rsquo;ils courent parce que leur s\u00e9rie pr\u00e9f\u00e9r\u00e9e leur manque (les tr\u00e8s boomers&#8230;), il faut leur expliquer qu&rsquo;on peut y jouer quand on veut et, sinon, il faut leur expliquer qu&rsquo;une autre option est de s&rsquo;allonger sur le canap\u00e9 en mangeant du chocolat et du popcorn (dans l&rsquo;ordre qu&rsquo;ils veulent ou m\u00e9lang\u00e9s de fa\u00e7on folle, laissez-vous aller).<\/p>\n\n\n\n<p>Non, non. Arr\u00eatez, ne me donnez pas les conneries habituelles, oui, oui, oui. Je sais tout sur la sant\u00e9, vivre plus longtemps, vivre mieux, je sais tout \u00e7a et je pense toujours que rien ne vaut ce sentiment quand un \u00e9pisode passionnant se termine et que non seulement vous pouvez regarder le suivant, mais que vous d\u00e9couvrez aussi qu&rsquo;il vous reste du pop-corn dans le bol : le bonheur total.<\/p>\n\n\n\n<p>Malgr\u00e9 tous mes efforts pour la d\u00e9courager, ma meilleure amie s&rsquo;est mise au sport et rien ne peut l&rsquo;arr\u00eater. Quoi que je lui dise, elle me dit que \u00e7a peut s&rsquo;arranger en faisant du sport. Je dis \u00ab\u00a0j&rsquo;ai mal aux jambes\u00a0\u00bb et elle dit \u00ab\u00a0alors commence \u00e0 courir\u00a0\u00bb. Moi : \u00ab\u00a0Eh bien, je ne sais pas quoi faire cet apr\u00e8s-midi\u00a0\u00bb, elle : \u00ab\u00a0Si tu \u00e9tais inscrit \u00e0 un sport, tu pourrais y aller et le faire\u00a0\u00bb. Moi : \u00ab\u00a0Je suis nerveux et inquiet\u00a0\u00bb, elle : \u00ab\u00a0On va faire de l&rsquo;escalade pour que tu prennes l&rsquo;air\u00a0\u00bb.<\/p>\n\n\n\n<p>Mais depuis quand le sport est-il devenu la solution \u00e0 tous les probl\u00e8mes du monde : il soigne la douleur, la marginalisation sociale, les maladies cardiovasculaires, il aide \u00e0 la durabilit\u00e9 et, en plus, les s\u00e9ries durent plus longtemps car on n&rsquo;a pas le temps de faire des marathons pendant des apr\u00e8s-midi entiers (il faut aller au club le mardi et le jeudi).<\/p>\n\n\n\n<p>Je regrette l&rsquo;\u00e9poque o\u00f9 nous pensions tous (ou \u00e9tait-ce seulement moi ?) que le sport \u00e9tait une corv\u00e9e et que ceux qui couraient \u00e9taient fous. D&rsquo;autant plus qu&rsquo;\u00e0 force d&rsquo;insister, j&rsquo;ai fini par m&rsquo;inscrire \u00e0 l&rsquo;un des mille sports propos\u00e9s par mon ami et j&rsquo;ai perdu du poids, j&rsquo;ai moins mal aux jambes, je me suis fait beaucoup d&rsquo;amis, j&rsquo;ai voyag\u00e9 gr\u00e2ce aux sorties du club et je me sens plus active que jamais.<\/p>\n\n\n\n<p>Qui lui a dit d&rsquo;am\u00e9liorer ma vie ? Et de quoi vais-je parler toute la journ\u00e9e si je ne peux pas me plaindre de la douleur, de l&rsquo;ennui, de la marginalisation et de la stupidit\u00e9 de ceux qui vont courir ? Si tu parles de sport, je te tue.<\/p>\n\n\n\n<figure class=\"wp-block-image alignright size-large is-resized\"><img loading=\"lazy\" decoding=\"async\" src=\"https:\/\/www.svgrepo.com\/show\/175769\/down-arrow.svg\" alt=\" width=\" width=\"40\" height=\"129\"\/><\/figure>\n\n\n\n<p>En fin de compte, il devra \u00eatre un droit fondamental, comment il l\u00a0\u00bbest d\u00e9j\u00e0? A voir que je me sens bien plus bas\u2026 <br><\/p>\n<\/div>\n\n\n\n<h4 class=\"wp-block-heading\">Description<\/h4>\n\n\n\n<p>Le sport et l&rsquo;activit\u00e9 physique sont un droit fondamental et un outil puissant pour renforcer les liens sociaux et promouvoir le d\u00e9veloppement durable et la paix, ainsi que la solidarit\u00e9 et le respect de tous. Cette journ\u00e9e reconna\u00eet ce r\u00f4le positif dans les communaut\u00e9s et dans la vie des gens.<\/p>\n\n\n\n<p>En ce sens, le sport contribue \u00e0 changer le monde. Il s&rsquo;agit d&rsquo;un puissant vecteur d&rsquo;inclusion sociale, d&rsquo;\u00e9galit\u00e9 des sexes et d&rsquo;autonomisation des jeunes. Les valeurs acquises par le sport &#8211; telles que le fair-play et l&rsquo;esprit d&rsquo;\u00e9quipe &#8211; sont inestimables pour la soci\u00e9t\u00e9.<\/p>\n\n\n\n<p>Depuis la cr\u00e9ation en 2013 de cette journ\u00e9e internationale, l&rsquo;ONU invite les \u00c9tats, les organisations sportives internationales, r\u00e9gionales et nationales, la soci\u00e9t\u00e9 civile, y compris les organisations non gouvernementales et le secteur priv\u00e9, et toutes les parties prenantes \u00e0 participer \u00e0 la c\u00e9l\u00e9bration et \u00e0 contribuer \u00e0 la sensibilisation.<\/p>\n\n\n\n<h5 class=\"wp-block-heading\">Pour en savoir plus<\/h5>\n\n\n\n<div class=\"wp-block-columns is-layout-flex wp-container-core-columns-is-layout-9d6595d7 wp-block-columns-is-layout-flex\">\n<div class=\"wp-block-column is-layout-flow wp-block-column-is-layout-flow\">\n<figure class=\"wp-block-image size-large\"><img loading=\"lazy\" decoding=\"async\" width=\"1024\" height=\"605\" src=\"https:\/\/agendaescolar.lenguasdearagon.org\/wp-content\/uploads\/2022\/08\/image-21-1024x605.png\" alt=\" class=\" class=\"wp-image-1964\" srcset=\"https:\/\/agendaescolar.lenguasdearagon.org\/wp-content\/uploads\/2022\/08\/image-21-1024x605.png 1024w, https:\/\/agendaescolar.lenguasdearagon.org\/wp-content\/uploads\/2022\/08\/image-21-300x177.png 300w, https:\/\/agendaescolar.lenguasdearagon.org\/wp-content\/uploads\/2022\/08\/image-21-768x454.png 768w, https:\/\/agendaescolar.lenguasdearagon.org\/wp-content\/uploads\/2022\/08\/image-21.png 1262w\" sizes=\"auto, (max-width: 1024px) 100vw, 1024px\" \/><figcaption class=\"wp-element-caption\"><a href=\"https:\/\/www.un.org\/fr\/observances\/sport-day\" data-type=\"URL\" data-id=\"https:\/\/www.un.org\/fr\/observances\/sport-day\">Sur le site Web des Nations Unies<\/a><\/figcaption><\/figure>\n<\/div>\n\n\n\n<div class=\"wp-block-column is-layout-flow wp-block-column-is-layout-flow\">\n<figure class=\"wp-block-image size-large\"><img loading=\"lazy\" decoding=\"async\" width=\"1024\" height=\"605\" src=\"https:\/\/agendaescolar.lenguasdearagon.org\/wp-content\/uploads\/2022\/08\/image-23-1024x605.png\" alt=\" class=\" class=\"wp-image-1974\" srcset=\"https:\/\/agendaescolar.lenguasdearagon.org\/wp-content\/uploads\/2022\/08\/image-23-1024x605.png 1024w, https:\/\/agendaescolar.lenguasdearagon.org\/wp-content\/uploads\/2022\/08\/image-23-300x177.png 300w, https:\/\/agendaescolar.lenguasdearagon.org\/wp-content\/uploads\/2022\/08\/image-23-768x454.png 768w, https:\/\/agendaescolar.lenguasdearagon.org\/wp-content\/uploads\/2022\/08\/image-23.png 1262w\" sizes=\"auto, (max-width: 1024px) 100vw, 1024px\" \/><figcaption class=\"wp-element-caption\"><a href=\"https:\/\/www.unesco.org\/fr\/days\/sport-development-and-peace\" data-type=\"URL\" data-id=\"https:\/\/www.unesco.org\/fr\/days\/sport-development-and-peace\">Sur le site Web de l&rsquo;Unesco, en tant qu&rsquo;Agence principale des Nations Unies pour l&rsquo;\u00e9ducation physique et le sport<\/a><\/figcaption><\/figure>\n<\/div>\n<\/div>\n\n\n\n<p class=\"has-light-gray-background-color has-background\"><em>Les objectifs et les contenus de cette proposition peuvent \u00eatre li\u00e9s \u00e0 ceux expos\u00e9s lors de la<\/em> <a href=\"https:\/\/agendaescolar.lenguasdearagon.org\/fr\/journee-internationale-de-la-paix\/\" data-type=\"URL\" data-id=\"https:\/\/agendaescolar.lenguasdearagon.org\/fr\/journee-internationale-de-la-paix\/\">Journ\u00e9e internationale de la paix<\/a> (21 septembre); ils peuvent \u00e9galement \u00eatre li\u00e9s \u00e0 la <a href=\"https:\/\/agendaescolar.lenguasdearagon.org\/fr\/autres-dates-pertinentes\/#dia-europeo-deporte-escolar\" data-type=\"URL\" data-id=\"https:\/\/agendaescolar.lenguasdearagon.org\/fr\/autres-dates-pertinentes\/#dia-europeo-deporte-escolar\">Journ\u00e9e europ\u00e9enne du sport scolaire<\/a> (30 septembre). <em> <\/em><\/p>\n\n\n\n<h4 class=\"wp-block-heading\">En Aragon\u2026<\/h4>\n\n\n\n<p>La loi 16\/2018, du 4 d\u00e9cembre, relative \u00e0 l&rsquo;activit\u00e9 physique et au sport en Aragon explique dans son article 2 que tous les citoyens aragonais ont le droit \u00a0\u00bb de pratiquer une activit\u00e9 physique et sportive de mani\u00e8re volontaire et de s&rsquo;associer librement pour l&rsquo;exercice de ce droit \u00ab\u00a0. Par cons\u00e9quent, les administrations publiques aragonaises doivent faciliter \u00ab\u00a0l&rsquo;exercice du droit \u00e0 la pratique du sport et de l&rsquo;activit\u00e9 physique pour tous les citoyens, que ce soit pour le loisir, la sant\u00e9, le bien-\u00eatre, l&rsquo;am\u00e9lioration de la condition physique, ou la performance et la comp\u00e9tition\u00a0\u00bb, en garantissant que cette pratique s&rsquo;effectue dans des conditions et des opportunit\u00e9s \u00e9gales.<\/p>\n\n\n\n<p>Le <a href=\"http:\/\/deporte.aragon.es\/\" data-type=\"URL\" data-id=\"http:\/\/deporte.aragon.es\/\">portail web de la Direction G\u00e9n\u00e9rale des Sports du Gouvernement d&rsquo;Aragon<\/a> dispose de nombreuses informations sur les r\u00e8glements, les campagnes, les initiatives, les nouvelles, les recommandations&#8230; On y trouve \u00e9galement des informations sur le Plan strat\u00e9gique pour le sport d&rsquo;Aragon . Il existe \u00e9galement un <a href=\"http:\/\/deporteescolar.aragon.es\/es\/jjee\/juegos-deportivos-en-edad-escolar-de-aragon\/id\/18\">portail web complet autour des jeux et sports scolaires<\/a> en Aragon.<\/p>\n\n\n\n<figure class=\"wp-block-image aligncenter size-full is-style-default\"><img loading=\"lazy\" decoding=\"async\" width=\"705\" height=\"184\" src=\"https:\/\/agendaescolar.lenguasdearagon.org\/wp-content\/uploads\/2022\/08\/image-24.png\" alt=\" class=\" class=\"wp-image-1979\" srcset=\"https:\/\/agendaescolar.lenguasdearagon.org\/wp-content\/uploads\/2022\/08\/image-24.png 705w, https:\/\/agendaescolar.lenguasdearagon.org\/wp-content\/uploads\/2022\/08\/image-24-300x78.png 300w\" sizes=\"auto, (max-width: 705px) 100vw, 705px\" \/><\/figure>\n\n\n\n<h4 class=\"wp-block-heading\">Deux d\u00e9tails<\/h4>\n\n\n\n<p>Le th\u00e8me de cette journ\u00e9e internationale en 2023 est \u00ab\u00a0<strong>Marquer des buts pour les personnes et la plan\u00e8te<\/strong> \u00ab\u00a0. Comme les ann\u00e9es pr\u00e9c\u00e9dentes, elle propose des activit\u00e9s ax\u00e9es sur l&rsquo;impact et l&rsquo;influence du sport sur le d\u00e9veloppement durable et la paix. Le sport a le pouvoir de changer le monde. L&rsquo;ONU l&rsquo;utilise comme un outil pour rassembler les individus et les groupes en soutenant les efforts de d\u00e9veloppement par le sport, en participant \u00e0 des \u00e9v\u00e9nements au niveau mondial et local, et en d\u00e9veloppant ses propres campagnes et initiatives li\u00e9es au sport.<\/p>\n\n\n\n<figure class=\"wp-block-image size-full\"><a href=\"https:\/\/deportedesarrolloypaz.org\/\"><img loading=\"lazy\" decoding=\"async\" width=\"960\" height=\"190\" src=\"https:\/\/agendaescolar.lenguasdearagon.org\/wp-content\/uploads\/2022\/08\/image-25.png\" alt=\" class=\" class=\"wp-image-1984\" srcset=\"https:\/\/agendaescolar.lenguasdearagon.org\/wp-content\/uploads\/2022\/08\/image-25.png 960w, https:\/\/agendaescolar.lenguasdearagon.org\/wp-content\/uploads\/2022\/08\/image-25-300x59.png 300w, https:\/\/agendaescolar.lenguasdearagon.org\/wp-content\/uploads\/2022\/08\/image-25-768x152.png 768w\" sizes=\"auto, (max-width: 960px) 100vw, 960px\" \/><\/a><figcaption class=\"wp-element-caption\">Plate-forme pour le sport, le d\u00e9veloppement et la paix<\/figcaption><\/figure>\n\n\n\n<p>Le sport est un \u00e9l\u00e9ment transversal de la r\u00e9alisation des Objectifs de D\u00e9veloppement Durable 2030. La <a href=\"https:\/\/deportedesarrolloypaz.org\/\" target=\"_blank\" rel=\"noreferrer noopener\">Plate-forme pour le sport, le d\u00e9veloppement et la paix<\/a> est une initiative consacr\u00e9e au sport en tant que strat\u00e9gie de d\u00e9veloppement social dans la r\u00e9gion ib\u00e9ro-am\u00e9ricaine. Son site web explique comment il aide \u00e0 atteindre plus directement les objectifs suivants :<\/p>\n\n\n\n<div class=\"wp-block-columns is-layout-flex wp-container-core-columns-is-layout-9d6595d7 wp-block-columns-is-layout-flex\">\n<div class=\"wp-block-column is-layout-flow wp-block-column-is-layout-flow\">\n<ul class=\"wp-block-list\">\n<li>Fin de la pauvret\u00e9 (1)<\/li>\n\n\n\n<li>Sant\u00e9 et bien-\u00eatre (3)<\/li>\n\n\n\n<li>\u00c9ducation de qualit\u00e9 (4)<\/li>\n\n\n\n<li>\u00c9galit\u00e9 des sexes (5)<\/li>\n<\/ul>\n<\/div>\n\n\n\n<div class=\"wp-block-column is-layout-flow wp-block-column-is-layout-flow\">\n<ul class=\"wp-block-list\">\n<li>Travail d\u00e9cent et croissance \u00e9conomique (8)<\/li>\n\n\n\n<li>Villes et communaut\u00e9s durables (11)<\/li>\n\n\n\n<li>Paix, justice et institutions solides (16)<\/li>\n\n\n\n<li>Partenariats pour atteindre les objectifs (17).<\/li>\n<\/ul>\n<\/div>\n<\/div>\n\n\n\n<p>De plus amples d\u00e9tails et des donn\u00e9es plus concr\u00e8tes sont disponibles dans <a href=\"https:\/\/deportedesarrolloypaz.org\/el-deporte-en-la-consecucion-de-los-objetivos-de-desarrollo-sostenible-ods\/\" data-type=\"URL\" data-id=\"https:\/\/deportedesarrolloypaz.org\/el-deporte-en-la-consecucion-de-los-objetivos-de-desarrollo-sostenible-ods\/\" target=\"_blank\" rel=\"noreferrer noopener\">Le sport dans la r\u00e9alisation des objectifs de d\u00e9veloppement durable<\/a>.<\/p>\n\n\n\n<h4 class=\"wp-block-heading\">Une r\u00e9flexion<\/h4>\n\n\n\n<p>Le sport enseigne des valeurs telles que l&rsquo;\u00e9quit\u00e9, le travail d&rsquo;\u00e9quipe, l&rsquo;\u00e9galit\u00e9, la discipline, l&rsquo;inclusion, la pers\u00e9v\u00e9rance et le respect. <a href=\"https:\/\/news.un.org\/es\/story\/2021\/07\/1494692\" data-type=\"URL\" data-id=\"https:\/\/news.un.org\/es\/story\/2021\/07\/1494692\">C&rsquo;est ce que disent les Nations Unies \u00e0 propos de l&rsquo;esprit olympique (espagnol).<\/a><\/p>\n\n\n\n<p>Lors de l&rsquo;ouverture des r\u00e9cents Jeux de Tokyo, le secr\u00e9taire g\u00e9n\u00e9ral des Nations unies, Ant\u00f3nio Guterres, a d\u00e9clar\u00e9 que \u00ab\u00a0l&rsquo;esprit olympique fait ressortir ce qu&rsquo;il y a de meilleur dans l&rsquo;humanit\u00e9 : le travail d&rsquo;\u00e9quipe et la solidarit\u00e9, le talent, la tol\u00e9rance&#8230; il nous inspire et nous unifie dans les moments difficiles&#8230; Si nous appliquions tous cette m\u00eame \u00e9nergie \u00e0 nos d\u00e9fis mondiaux, nous pourrions tout obtenir : la paix, une plan\u00e8te propre, verte et prosp\u00e8re, et un monde meilleur et plus \u00e9quitable.<\/p>\n\n\n\n<figure class=\"wp-block-image\"><img decoding=\"async\" src=\"https:\/\/lh5.googleusercontent.com\/qO3mB3jAtuUhkM6DyHeAImvCkJ0W4PrwzSYpr6l32jvemOn2D6NmCixzzsx_QNS_xekW6BlXeAgr4iywpZQFuy1PCUF2iZ3tV8J3PJlYX4rR6lM-h7FWfB28ea5h3Sx9nkpnHrU9fIsgzybWcNEMeuccwBFcCR00noYZjjgGYgwFmufkd42y_uZx641KEW3eRLPhig\" alt=\"\"\/><\/figure>\n\n\n\n<p>Les Jeux Olympiques et Paralympiques en tant que moment de tr\u00eave dans les conflits (est-il rempli ?) et en tant qu&rsquo;occasion de visibilit\u00e9 des pays et des cultures.<\/p>\n\n\n\n<h4 class=\"wp-block-heading\">Suggestions pour les enseignants<\/h4>\n\n\n\n<p>Les contenus fournis nous donnent une id\u00e9e de la nature transversale du sport, de l&rsquo;activit\u00e9 physique, des habitudes saines et des \u00e9l\u00e9ments de coexistence qu&rsquo;il g\u00e9n\u00e8re autour de lui. Cela donne l&rsquo;occasion de r\u00e9fl\u00e9chir en classe, voire de d\u00e9battre et de remettre en question certains de ces aspects dans leur confrontation avec la vie quotidienne.<\/p>\n\n\n\n<div class=\"wp-block-columns is-layout-flex wp-container-core-columns-is-layout-9d6595d7 wp-block-columns-is-layout-flex\">\n<div class=\"wp-block-column is-layout-flow wp-block-column-is-layout-flow\" style=\"flex-basis:66.66%\">\n<p>Outre les id\u00e9es qui peuvent \u00eatre tir\u00e9es de certaines des r\u00e9f\u00e9rences donn\u00e9es, nous sugg\u00e9rons, par exemple, de lire et de partager l&rsquo;article <a href=\"https:\/\/www.epe.es\/es\/deportes\/20211224\/partido-futbol-paro-primera-guerra-13011084\" data-type=\"URL\" data-id=\"https:\/\/www.epe.es\/es\/deportes\/20211224\/partido-futbol-paro-primera-guerra-13011084\">\u00ab\u00a0Le match de football qui a arr\u00eat\u00e9 la guerre\u00a0\u00bb<\/a> (epe.es). Anecdotique (apr\u00e8s tout, ils ont recommenc\u00e9 \u00e0 s&rsquo;entretuer).<\/p>\n\n\n\n<p>Des questions plus \u00ab\u00a0personnelles\u00a0\u00bb peuvent \u00e9galement \u00eatre pos\u00e9es, telles que \u00ab\u00a0Quel est votre sport pr\u00e9f\u00e9r\u00e9 et pourquoi?\u00a0\u00bb, ou d&rsquo;autres qui permettent l&rsquo;\u00e9change et le dialogue : \u00ab\u00a0Effort individuel et travail d&rsquo;\u00e9quipe : que consid\u00e9rez-vous comme plus important, dans le sport et dans la vie? Ne pensez-vous pas qu&rsquo;il est paradoxal de parler des valeurs inclusives du sport et de surmonter les d\u00e9fis personnels, d&rsquo;une part, et d&rsquo;autre part, de favoriser la comp\u00e9tition, la morale du triomphe et la supr\u00e9matie?<\/p>\n<\/div>\n\n\n\n<div class=\"wp-block-column is-layout-flow wp-block-column-is-layout-flow\" style=\"flex-basis:33.33%\">\n<figure class=\"wp-block-image size-full\"><img loading=\"lazy\" decoding=\"async\" width=\"300\" height=\"445\" src=\"https:\/\/agendaescolar.lenguasdearagon.org\/wp-content\/uploads\/2022\/08\/Olimpiada-619945987-large.jpg\" alt=\" class=\" class=\"wp-image-1989\" srcset=\"https:\/\/agendaescolar.lenguasdearagon.org\/wp-content\/uploads\/2022\/08\/Olimpiada-619945987-large.jpg 300w, https:\/\/agendaescolar.lenguasdearagon.org\/wp-content\/uploads\/2022\/08\/Olimpiada-619945987-large-202x300.jpg 202w\" sizes=\"auto, (max-width: 300px) 100vw, 300px\" \/><\/figure>\n<\/div>\n<\/div>\n\n\n\n<div class=\"wp-block-columns is-layout-flex wp-container-core-columns-is-layout-9d6595d7 wp-block-columns-is-layout-flex\">\n<div class=\"wp-block-column is-layout-flow wp-block-column-is-layout-flow\" style=\"flex-basis:66.66%\">\n<p>Dans ce sens, on peut sugg\u00e9rer de regarder deux films qui mettent en relation deux aspects contradictoires (plut\u00f4t aux antipodes) de l&rsquo;esprit olympique : les films <em>Chariots de Feu <\/em>(1981, Hugh Hudson, avec l&rsquo;incontournable bande sonore de Vangelis) et <em>Olympia<\/em> (Leni Riefesthal, 1938).<\/p>\n<\/div>\n\n\n\n<div class=\"wp-block-column is-layout-flow wp-block-column-is-layout-flow\" style=\"flex-basis:33.33%\">\n<figure class=\"wp-block-image size-full\"><img loading=\"lazy\" decoding=\"async\" width=\"207\" height=\"243\" src=\"https:\/\/agendaescolar.lenguasdearagon.org\/wp-content\/uploads\/2022\/08\/images.jpg\" alt=\" class=\" class=\"wp-image-1994\"\/><\/figure>\n<\/div>\n<\/div>\n\n\n\n<h4 class=\"wp-block-heading\">\u00c9l\u00e9ments transversaux<\/h4>\n\n\n\n<p>Le programme scolaire aragonais pr\u00e9voit \u00ab\u00a0des mesures visant \u00e0 int\u00e9grer l&rsquo;activit\u00e9 physique et une alimentation \u00e9quilibr\u00e9e dans le comportement des jeunes. \u00c0 cette fin, la pratique quotidienne du sport et de l&rsquo;exercice physique par les \u00e9l\u00e8ves pendant la journ\u00e9e scolaire sera encourag\u00e9e, dans les termes et conditions qui, suivant les recommandations des organismes comp\u00e9tents, garantissent un d\u00e9veloppement ad\u00e9quat pour favoriser une vie active, saine et autonome\u00a0\u00bb.<\/p>\n\n\n\n<p>En accordant une attention particuli\u00e8re \u00e0 l&rsquo;intelligence \u00e9motionnelle en tant que principe m\u00e9thodologique, il convient de \u00ab\u00a0promouvoir un climat de classe et d&rsquo;\u00e9cole qui favorise l&rsquo;\u00e9quilibre personnel et les relations personnelles bas\u00e9es sur les valeurs fondamentales de la coexistence\u00a0\u00bb, en soulignant que \u00ab\u00a0l&rsquo;activit\u00e9 mentale et l&rsquo;activit\u00e9 physique des \u00e9l\u00e8ves s&rsquo;enrichissent mutuellement\u00a0\u00bb et que \u00ab\u00a0la motricit\u00e9 doit \u00eatre abord\u00e9e \u00e0 la fois comme un moyen et comme une fin\u00a0\u00bb.<\/p>\n\n\n\n<h4 class=\"wp-block-heading\">Objectifs que cette proposition contribue \u00e0 atteindre<\/h4>\n\n\n\n<h5 class=\"wp-block-heading\">ESO:<\/h5>\n\n\n\n<ul class=\"wp-block-list\">\n<li>Assumer leurs devoirs de mani\u00e8re responsable, conna\u00eetre et exercer leurs droits dans le respect d&rsquo;autrui, pratiquer la tol\u00e9rance, la coop\u00e9ration et la solidarit\u00e9 entre les individus et les groupes, s&rsquo;exercer au dialogue, renforcer les droits de l&rsquo;homme et l&rsquo;\u00e9galit\u00e9 de traitement et de chances entre les femmes et les hommes, en tant que valeurs communes d&rsquo;une soci\u00e9t\u00e9 plurielle, et se pr\u00e9parer \u00e0 l&rsquo;exercice de la citoyennet\u00e9 d\u00e9mocratique.<\/li>\n\n\n\n<li>Valoriser et respecter la diff\u00e9rence entre les sexes et l&rsquo;\u00e9galit\u00e9 des droits et des chances entre eux. Rejeter toute discrimination \u00e0 l&rsquo;\u00e9gard des personnes fond\u00e9e sur le sexe ou sur toute autre condition ou circonstance personnelle ou sociale. Rejeter les st\u00e9r\u00e9otypes discriminatoires entre hommes et femmes, ainsi que toute manifestation de violence \u00e0 l&rsquo;\u00e9gard des femmes.<\/li>\n\n\n\n<li>Conna\u00eetre et accepter le fonctionnement de son propre corps et de celui des autres, respecter les diff\u00e9rences, renforcer les habitudes de soin et de sant\u00e9 du corps et int\u00e9grer l&rsquo;\u00e9ducation physique et la pratique du sport pour favoriser le d\u00e9veloppement personnel et social. Conna\u00eetre et valoriser la dimension humaine de la sexualit\u00e9 dans toute sa diversit\u00e9. \u00c9valuer de mani\u00e8re critique les habitudes sociales li\u00e9es \u00e0 la sant\u00e9, \u00e0 la consommation, au respect des \u00eatres vivants et de l&rsquo;environnement, en contribuant \u00e0 leur conservation et \u00e0 leur am\u00e9lioration.<\/li>\n<\/ul>\n\n\n\n<h5 class=\"wp-block-heading\">Baccalaur\u00e9at:<\/h5>\n\n\n\n<ul class=\"wp-block-list\">\n<li>Exercer une citoyennet\u00e9 d\u00e9mocratique, dans une perspective globale, et acqu\u00e9rir une conscience civique responsable, inspir\u00e9e par les valeurs de la Constitution espagnole, ainsi que par les droits de l&rsquo;homme, qui favorise la coresponsabilit\u00e9 dans la construction d&rsquo;une soci\u00e9t\u00e9 juste et \u00e9quitable.<\/li>\n\n\n\n<li>Consolider la maturit\u00e9 personnelle et sociale qui leur permet d&rsquo;agir de mani\u00e8re responsable et autonome et de d\u00e9velopper leur esprit critique. Pr\u00e9voir et r\u00e9soudre pacifiquement les conflits personnels, familiaux et sociaux.<\/li>\n\n\n\n<li>Utiliser l&rsquo;\u00e9ducation physique et le sport pour favoriser le d\u00e9veloppement personnel et social.<\/li>\n<\/ul>\n\n\n\n<p><strong>Sujets avec lesquels elle peut \u00eatre li\u00e9e<\/strong><\/p>\n\n\n\n<ul class=\"wp-block-list\">\n<li>\u00c9ducation physique \/ Valeurs \u00e9thiques (ESO, 1er cycle)<\/li>\n\n\n\n<li>\u00c9ducation physique \/ \u00c9ducation \u00e0 la citoyennet\u00e9 et aux droits de l&rsquo;homme (ESO, 2e cycle)<\/li>\n\n\n\n<li>Baccalaur\u00e9at: \u00c0 attribuer en fonction de la modalit\u00e9<\/li>\n<\/ul>\n\n\n\n<p><strong>D\u00e9veloppement des comp\u00e9tences<\/strong><\/p>\n\n\n\n<ul class=\"wp-block-list\">\n<li>Comp\u00e9tences sociales et civiques<\/li>\n<\/ul>\n","protected":false},"excerpt":{"rendered":"<p>ILS SONT FOUS CES RUNNERS Pour moi, courir semble \u00eatre une course folle. Manquent-ils le bus tous les jours \u00e0 la m\u00eame heure avec leur &#8230;<\/p>\n","protected":false},"author":5,"featured_media":0,"comment_status":"closed","ping_status":"open","sticky":false,"template":"","format":"standard","meta":{"_monsterinsights_skip_tracking":false,"_monsterinsights_sitenote_active":false,"_monsterinsights_sitenote_note":"","_monsterinsights_sitenote_category":0,"footnotes":""},"categories":[52],"tags":[],"class_list":["post-2311","post","type-post","status-publish","format-standard","hentry","category-non-classifiee"],"_links":{"self":[{"href":"https:\/\/agendaescolar.lenguasdearagon.org\/fr\/wp-json\/wp\/v2\/posts\/2311","targetHints":{"allow":["GET"]}}],"collection":[{"href":"https:\/\/agendaescolar.lenguasdearagon.org\/fr\/wp-json\/wp\/v2\/posts"}],"about":[{"href":"https:\/\/agendaescolar.lenguasdearagon.org\/fr\/wp-json\/wp\/v2\/types\/post"}],"author":[{"embeddable":true,"href":"https:\/\/agendaescolar.lenguasdearagon.org\/fr\/wp-json\/wp\/v2\/users\/5"}],"replies":[{"embeddable":true,"href":"https:\/\/agendaescolar.lenguasdearagon.org\/fr\/wp-json\/wp\/v2\/comments?post=2311"}],"version-history":[{"count":17,"href":"https:\/\/agendaescolar.lenguasdearagon.org\/fr\/wp-json\/wp\/v2\/posts\/2311\/revisions"}],"predecessor-version":[{"id":3851,"href":"https:\/\/agendaescolar.lenguasdearagon.org\/fr\/wp-json\/wp\/v2\/posts\/2311\/revisions\/3851"}],"wp:attachment":[{"href":"https:\/\/agendaescolar.lenguasdearagon.org\/fr\/wp-json\/wp\/v2\/media?parent=2311"}],"wp:term":[{"taxonomy":"category","embeddable":true,"href":"https:\/\/agendaescolar.lenguasdearagon.org\/fr\/wp-json\/wp\/v2\/categories?post=2311"},{"taxonomy":"post_tag","embeddable":true,"href":"https:\/\/agendaescolar.lenguasdearagon.org\/fr\/wp-json\/wp\/v2\/tags?post=2311"}],"curies":[{"name":"wp","href":"https:\/\/api.w.org\/{rel}","templated":true}]}}