{"id":2280,"date":"2022-06-12T12:00:13","date_gmt":"2022-06-12T10:00:13","guid":{"rendered":"https:\/\/agendaescolar.lenguasdearagon.org\/?p=2280"},"modified":"2023-01-31T15:51:34","modified_gmt":"2023-01-31T14:51:34","slug":"journee-mondiale-contre-le-travail-des-enfants","status":"publish","type":"post","link":"https:\/\/agendaescolar.lenguasdearagon.org\/fr\/journee-mondiale-contre-le-travail-des-enfants\/","title":{"rendered":"Journ\u00e9e mondiale contre le travail des enfants"},"content":{"rendered":"\n<div class=\"wp-block-group has-light-gray-background-color has-background is-layout-flow wp-block-group-is-layout-flow\">\n<h2 class=\"has-text-align-center wp-block-heading\">JE ME FICHE DES DEVOIRS, OU\u2026 PAS?<\/h2>\n\n\n\n<p>D&rsquo;o\u00f9 me vient cet enthousiasme pour aller en cours ?<\/p>\n\n\n\n<p>L&rsquo;autre jour, j&rsquo;ai rencontr\u00e9 ma nouvelle camarade de classe et j&rsquo;ai \u00e9t\u00e9 sid\u00e9r\u00e9e lorsqu&rsquo;elle a commenc\u00e9 \u00e0 me poser des questions fr\u00e9n\u00e9tiques sur toutes les choses qu&rsquo;elle voyait dans la salle de classe : Qu&rsquo;est-ce que ces cartes ? Peux-tu utiliser ces marqueurs ? Qu&rsquo;est-ce qui est \u00e9crit au tableau ? Sais-tu ce que ces lettres signifient ?<\/p>\n\n\n\n<p>J&rsquo;aime voir mes amis en classe, mais j&rsquo;en ai marre des devoirs et des exercices et je ne pouvais pas expliquer une telle excitation. Ne se rendait-il pas compte que ce qu&rsquo;il mettait au tableau allait se traduire t\u00f4t ou tard par des exercices de maths interminables et un devoir pour le week-end ?<\/p>\n\n\n\n<p>Je lui ai donc demand\u00e9 : \u00ab\u00a0Mais pourquoi es-tu si excit\u00e9e ? Et je n&rsquo;aurais jamais pu imaginer ce qu&rsquo;il allait r\u00e9pondre : \u00ab\u00a0C&rsquo;est juste que je n&rsquo;ai jamais \u00e9t\u00e9 en classe avant\u00a0\u00bb.<\/p>\n\n\n\n<p>Au d\u00e9but, je pensais que c&rsquo;\u00e9tait trop cool, ne pas aller \u00e0 l&rsquo;\u00e9cole, trop cool ! Passer la journ\u00e9e avec la Nintendo ou la Play. Ou encore mieux, \u00eatre dans le parc avec tes camarades de classe et jouer \u00e0 des jeux, aller au centre commercial ou au parc d&rsquo;attractions. Et le meilleur de tous : pas de devoirs !<\/p>\n\n\n\n<p>Chaque seconde qui passait, je la comprenais de moins en moins et je lui ai demand\u00e9 comment il se pouvait qu&rsquo;elle ait envie d&rsquo;aller \u00e0 l&rsquo;\u00e9cole, ne pr\u00e9f\u00e9rerait-elle pas rester \u00e0 la maison \u00e0 jouer ou \u00e0 regarder la t\u00e9l\u00e9vision ?<\/p>\n\n\n\n<p>Et soudain, quand elle m&rsquo;a r\u00e9pondu, j&rsquo;ai tout compris : \u00ab\u00a0Je ne pouvais pas, je devais aller travailler\u00a0\u00bb.<\/p>\n\n\n\n<p>Florencia avait d\u00fb travailler d\u00e8s son plus jeune \u00e2ge pour aider sa famille. Elle m&rsquo;a ensuite racont\u00e9 que certains enfants sont contraints de travailler d\u00e8s l&rsquo;\u00e2ge de cinq ans et qu&rsquo;elle avait d\u00fb travailler dans les champs de tabac \u00e0 l&rsquo;\u00e2ge de huit ans.<\/p>\n\n\n\n<p>Soudain, en l&rsquo;entendant m&rsquo;expliquer cela, j&rsquo;ai eu envie de faire mes devoirs et d&rsquo;avoir de bonnes notes, et j&rsquo;ai commenc\u00e9 \u00e0 r\u00e9pondre \u00e0 toutes ses questions avec enthousiasme et \u00e0 lui raconter ce que nous faisions en classe. Jouer \u00e0 la console toute la journ\u00e9e peut \u00eatre tentant, mais si l&rsquo;alternative est de travailler dans les champs de tabac, je commence \u00e0 me sentir chanceux de pouvoir \u00e9tudier le week-end.<\/p>\n\n\n\n<figure class=\"wp-block-image alignright size-large is-resized\"><img loading=\"lazy\" decoding=\"async\" src=\"https:\/\/www.svgrepo.com\/show\/175769\/down-arrow.svg\" alt=\" width=\" width=\"40\" height=\"129\"\/><\/figure>\n\n\n\n<p>Savez-vous combien d&rsquo;enfants dans le monde travaillent comme s&rsquo;ils \u00e9taient des adultes? D\u00e9couvrez-le ci-dessous et voyez quelles initiatives existent pour l&rsquo;\u00e9radiquer. <br><\/p>\n<\/div>\n\n\n\n<h4 class=\"wp-block-heading\">Description<\/h4>\n\n\n\n<p>Aujourd&rsquo;hui, 160 millions d&rsquo;enfants (dix pour cent de la population enfantine mondiale) travaillent \u00e0 l&rsquo;\u00e2ge adulte. Ils le font g\u00e9n\u00e9ralement dans une situation de pr\u00e9carit\u00e9 absolue, avec des conditions de sant\u00e9 et de s\u00e9curit\u00e9 indignes, en supportant des horaires de travail \u00e9puisants et inhumains&#8230; au lieu d&rsquo;\u00eatre form\u00e9s en tant que citoyens, de recevoir une \u00e9ducation qui les aidera \u00e0 affronter l&rsquo;avenir.<\/p>\n\n\n\n<p>Cette journ\u00e9e mondiale tire la sonnette d&rsquo;alarme sur une situation d&rsquo;injustice absolue qui refl\u00e8te une extr\u00eame vuln\u00e9rabilit\u00e9. Il est n\u00e9cessaire d&rsquo;investir de mani\u00e8re d\u00e9cisive dans les r\u00e9gimes de protection sociale, mais aussi de mettre en place des politiques globales et compl\u00e8tes pour neutraliser les in\u00e9galit\u00e9s et la pauvret\u00e9 qui sont \u00e0 l&rsquo;origine de ce probl\u00e8me.<\/p>\n\n\n\n<h5 class=\"wp-block-heading\">Pour en savoir plus<\/h5>\n\n\n\n<figure class=\"wp-block-image size-large\"><a href=\"https:\/\/www.un.org\/es\/observances\/world-day-against-child-labour\" target=\"_blank\" rel=\"noreferrer noopener\"><img loading=\"lazy\" decoding=\"async\" width=\"1024\" height=\"609\" src=\"https:\/\/agendaescolar.lenguasdearagon.org\/wp-content\/uploads\/2022\/08\/pantalla-onu-1024x609.jpg\" alt=\" class=\"wp-image-2118\" srcset=\"https:\/\/agendaescolar.lenguasdearagon.org\/wp-content\/uploads\/2022\/08\/pantalla-onu-1024x609.jpg 1024w, https:\/\/agendaescolar.lenguasdearagon.org\/wp-content\/uploads\/2022\/08\/pantalla-onu-300x178.jpg 300w, https:\/\/agendaescolar.lenguasdearagon.org\/wp-content\/uploads\/2022\/08\/pantalla-onu-768x456.jpg 768w, https:\/\/agendaescolar.lenguasdearagon.org\/wp-content\/uploads\/2022\/08\/pantalla-onu.jpg 1262w\" sizes=\"auto, (max-width: 1024px) 100vw, 1024px\" \/><\/a><figcaption><a href=\"https:\/\/www.un.org\/es\/observances\/world-day-against-child-labour\" target=\"_blank\" rel=\"noreferrer noopener\">Sur le site Web des Nations Unies<\/a><\/figcaption><\/figure>\n\n\n\n<p class=\"has-light-gray-background-color has-background\"><em>Les objectifs et le contenu de cette proposition ont de nombreux liens avec d&rsquo;autres comm\u00e9morations. Les plus \u00e9videntes sont la Journ\u00e9e mondiale de l&rsquo;enfance (20 novembre) et la <a href=\"https:\/\/agendaescolar.lenguasdearagon.org\/fr\/journee-des-droits-de-lhomme\/\" data-type=\"URL\" data-id=\"https:\/\/agendaescolar.lenguasdearagon.org\/fr\/journee-des-droits-de-lhomme\/\">Journ\u00e9e des droits de l&rsquo;homme<\/a> (10 d\u00e9cembre), mais elle s&rsquo;oriente \u00e9galement vers des valeurs li\u00e9es \u00e0 la <a href=\"https:\/\/agendaescolar.lenguasdearagon.org\/fr\/journee-internationale-de-lalphabetisation\/\" data-type=\"URL\" data-id=\"https:\/\/agendaescolar.lenguasdearagon.org\/fr\/journee-internationale-de-lalphabetisation\/\">Journ\u00e9e internationale de l&rsquo;alphab\u00e9tisation<\/a> (8 septembre), \u00e0 la <a href=\"https:\/\/agendaescolar.lenguasdearagon.org\/fr\/journee-internationale-pour-lelimination-de-la-pauvrete\/\" data-type=\"URL\" data-id=\"https:\/\/agendaescolar.lenguasdearagon.org\/fr\/journee-internationale-pour-lelimination-de-la-pauvrete\/\">Journ\u00e9e internationale pour l&rsquo;\u00e9limination de la pauvret\u00e9<\/a> (17 octobre), \u00e0 la <a href=\"https:\/\/agendaescolar.lenguasdearagon.org\/fr\/journee-internationale-de-leducation\/\" data-type=\"URL\" data-id=\"https:\/\/agendaescolar.lenguasdearagon.org\/fr\/journee-internationale-de-leducation\/\">Journ\u00e9e internationale de l&rsquo;\u00e9ducation<\/a> (24 janvier) et \u00e0 la <\/em><a href=\"https:\/\/agendaescolar.lenguasdearagon.org\/fr\/autres-dates-pertinentes\/#dia-internacional-trabajadores\" data-type=\"URL\" data-id=\"https:\/\/agendaescolar.lenguasdearagon.org\/fr\/autres-dates-pertinentes\/#dia-internacional-trabajadores\"><em>Journ\u00e9e internationale des travailleurs<\/em><\/a><em> (1er mai). <\/em><\/p>\n\n\n\n<h4 class=\"wp-block-heading\">En Aragon\u2026<\/h4>\n\n\n\n<p>Le <a href=\"https:\/\/www.aragon.es\/-\/atencion-a-la-infancia-y-a-la-adolescencia.-informacion-general\" data-type=\"URL\" data-id=\"https:\/\/www.aragon.es\/-\/atencion-a-la-infancia-y-a-la-adolescencia.-informacion-general\">service d&rsquo;aide \u00e0 l&rsquo;enfance et \u00e0 l&rsquo;adolescence<\/a>, int\u00e9gr\u00e9 \u00e0 l&rsquo;Institut aragonais des services sociaux, est l&rsquo;organe de l&rsquo;administration de notre communaut\u00e9 autonome charg\u00e9 de d\u00e9clarer les situations de risque et de n\u00e9gligence \u00e0 l&rsquo;\u00e9gard des mineurs, de d\u00e9terminer les mesures de protection \u00e0 mettre en place dans chaque cas et de promouvoir les strat\u00e9gies de pr\u00e9vention et de r\u00e9insertion. <a href=\"https:\/\/www.boe.es\/buscar\/doc.php?id=BOE-A-2001-15557\" data-type=\"URL\" data-id=\"https:\/\/www.boe.es\/buscar\/doc.php?id=BOE-A-2001-15557\">La loi 12\/2001, du 2 juillet, sur l&rsquo;enfance et l&rsquo;adolescence en Aragon<\/a>, fond\u00e9e sur la Constitution espagnole et d&rsquo;autres conventions, \u00e9tablit un cadre r\u00e9glementaire g\u00e9n\u00e9ral qui garantit aux enfants et aux adolescents d&rsquo;Aragon l&rsquo;exercice et le d\u00e9veloppement des droits auxquels ils ont l\u00e9galement droit. Ils sont consid\u00e9r\u00e9s comme des sujets actifs de droits et des individus uniques qui sont les protagonistes de leur propre histoire : ils ne sont la propri\u00e9t\u00e9 de personne et ne peuvent faire l&rsquo;objet d&rsquo;une discrimination fond\u00e9e sur le sexe, l&rsquo;\u00e2ge, la condition, la langue, la religion, l&rsquo;ethnie, les caract\u00e9ristiques socio-\u00e9conomiques de leurs parents ou de leur famille, ou pour toute autre circonstance. Les enfants et les adolescents ont droit \u00e0 une protection qui garantit leur d\u00e9veloppement int\u00e9gral en tant que personnes, si possible au sein d&rsquo;une famille, mais la protection est l&rsquo;affaire de tous.<\/p>\n\n\n\n<figure class=\"wp-block-image size-large\"><a href=\"https:\/\/redaragonesa.org\/\" target=\"_blank\" rel=\"noreferrer noopener\"><img loading=\"lazy\" decoding=\"async\" width=\"1024\" height=\"512\" src=\"https:\/\/agendaescolar.lenguasdearagon.org\/wp-content\/uploads\/2022\/08\/red-aragonesa-entidades-sociales-inclusion-1024x512.jpg\" alt=\" class=\" class=\"wp-image-2123\" srcset=\"https:\/\/agendaescolar.lenguasdearagon.org\/wp-content\/uploads\/2022\/08\/red-aragonesa-entidades-sociales-inclusion-1024x512.jpg 1024w, https:\/\/agendaescolar.lenguasdearagon.org\/wp-content\/uploads\/2022\/08\/red-aragonesa-entidades-sociales-inclusion-300x150.jpg 300w, https:\/\/agendaescolar.lenguasdearagon.org\/wp-content\/uploads\/2022\/08\/red-aragonesa-entidades-sociales-inclusion-768x384.jpg 768w, https:\/\/agendaescolar.lenguasdearagon.org\/wp-content\/uploads\/2022\/08\/red-aragonesa-entidades-sociales-inclusion.jpg 1263w\" sizes=\"auto, (max-width: 1024px) 100vw, 1024px\" \/><\/a><\/figure>\n\n\n\n<p>Dans notre communaut\u00e9 autonome, 51 organisations composent le <a href=\"https:\/\/redaragonesa.org\/\" data-type=\"URL\" data-id=\"https:\/\/redaragonesa.org\/\">R\u00e9seau Aragonais des Entit\u00e9s Sociales pour l&rsquo;Inclusion<\/a>. Leur objectif principal est de travailler activement en faveur des citoyens d&rsquo;Aragon par le biais de programmes d&rsquo;inclusion sociale au profit des groupes les plus d\u00e9favoris\u00e9s (les enfants et la pauvret\u00e9 font partie de cette cat\u00e9gorie). Parall\u00e8lement, d&rsquo;autres entit\u00e9s qui travaillent au niveau mondial sur un plan plus sp\u00e9cifique en relation avec les enfants, comme l&rsquo;<a href=\"https:\/\/www.unicef.es\/\" data-type=\"URL\" data-id=\"https:\/\/www.unicef.es\/\">Unicef<\/a>, ont une d\u00e9l\u00e9gation en Aragon.<\/p>\n\n\n\n<h4 class=\"wp-block-heading\">Un d\u00e9tail<\/h4>\n\n\n\n<p>En mai 2022, la cinqui\u00e8me Conf\u00e9rence mondiale sur l\u2019\u00e9limination du travail des enfants s\u2019est tenue dans la ville sud-africaine de Durban, o\u00f9 un appel \u00e0 l\u2019action a \u00e9t\u00e9 publi\u00e9, repr\u00e9sentant un engagement international pour l\u2019\u00e9limination de ce probl\u00e8me. <a href=\"https:\/\/www.ei-ie.org\/fr\/item\/26555:declaracion-dia-mundial-contra-el-trabajo-infantil\" data-type=\"URL\" data-id=\"https:\/\/www.ei-ie.org\/fr\/item\/26555:declaracion-dia-mundial-contra-el-trabajo-infantil\" target=\"_blank\" rel=\"noreferrer noopener\">Des informations tr\u00e8s d\u00e9taill\u00e9es sont disponibles sur le site Internet de l&rsquo;International de l&rsquo;Education (IE).<\/a><\/p>\n\n\n\n<figure class=\"wp-block-image size-large\"><img loading=\"lazy\" decoding=\"async\" width=\"1024\" height=\"539\" src=\"https:\/\/agendaescolar.lenguasdearagon.org\/wp-content\/uploads\/2022\/08\/mqluICi2l2H2Ai0ZAc11bFPV3BblUnKAXZEOhGI4-1024x539.png\" alt=\" class=\" class=\"wp-image-2129\" srcset=\"https:\/\/agendaescolar.lenguasdearagon.org\/wp-content\/uploads\/2022\/08\/mqluICi2l2H2Ai0ZAc11bFPV3BblUnKAXZEOhGI4-1024x539.png 1024w, https:\/\/agendaescolar.lenguasdearagon.org\/wp-content\/uploads\/2022\/08\/mqluICi2l2H2Ai0ZAc11bFPV3BblUnKAXZEOhGI4-300x158.png 300w, https:\/\/agendaescolar.lenguasdearagon.org\/wp-content\/uploads\/2022\/08\/mqluICi2l2H2Ai0ZAc11bFPV3BblUnKAXZEOhGI4-768x404.png 768w, https:\/\/agendaescolar.lenguasdearagon.org\/wp-content\/uploads\/2022\/08\/mqluICi2l2H2Ai0ZAc11bFPV3BblUnKAXZEOhGI4.png 1448w\" sizes=\"auto, (max-width: 1024px) 100vw, 1024px\" \/><\/figure>\n\n\n\n<h4 class=\"wp-block-heading\">Une r\u00e9flexion<\/h4>\n\n\n\n<p>Tous les enfants ont droit \u00e0 la sant\u00e9, \u00e0 l&rsquo;\u00e9ducation et \u00e0 la protection. Dans notre monde d\u00e9velopp\u00e9, la r\u00e9alit\u00e9 de la n\u00e9gligence \u00e0 l&rsquo;\u00e9gard des enfants semble confin\u00e9e \u00e0 des milieux tr\u00e8s marginaux qui sont n\u00e9anmoins couverts. Mais dans d&rsquo;autres endroits en proie \u00e0 une pauvret\u00e9 end\u00e9mique, \u00e0 la guerre, etc., l&rsquo;exploitation des enfants reste tr\u00e8s r\u00e9pandue. Bien que ces derni\u00e8res ann\u00e9es, une dynamique positive ait \u00e9t\u00e9 observ\u00e9e, r\u00e9duisant ces chiffres&#8230; plus r\u00e9cemment, les diff\u00e9rentes crises mondiales (sanitaires, \u00e9conomiques, guerres, etc.) ont invers\u00e9 cette tendance, exacerbant le probl\u00e8me. Des millions de mineurs voient comment leurs possibilit\u00e9s de d\u00e9veloppement personnel sont r\u00e9duites en raison du pays, du sexe ou des circonstances dans lesquels ils sont n\u00e9s.<\/p>\n\n\n\n<h4 class=\"wp-block-heading\">Suggestions pour les enseignants<\/h4>\n\n\n\n<p>Cette question touche directement la m\u00eame tranche d&rsquo;\u00e2ge que les \u00e9l\u00e8ves eux-m\u00eames. Cela peut faciliter l&rsquo;introduction du probl\u00e8me du travail des enfants dans la classe, en encourageant la r\u00e9flexion et la recherche responsable d&rsquo;alternatives et de solutions.<\/p>\n\n\n\n<p>Une simple introduction \u00e0 la question, dans un court clip de l&rsquo;Organisation internationale du travail: <a href=\"https:\/\/www.youtube.com\/watch?v=IX8zO5r-8Co\" data-type=\"URL\" data-id=\"https:\/\/www.youtube.com\/watch?v=IX8zO5r-8Co\">100 ans, 100 voix. Le travail des enfants \u00e0 la premi\u00e8re personne<\/a>.<\/p>\n\n\n\n<p>Le site web de l&rsquo;Internationale de l&rsquo;\u00e9ducation propose une grande quantit\u00e9 de mat\u00e9riel \u00e9ducatif (manuels et ressources, dont beaucoup sont r\u00e9alis\u00e9s en collaboration avec le Programme international pour l&rsquo;abolition du travail des enfants de l&rsquo;Organisation internationale du travail). Par exemple: <a href=\"https:\/\/www.ilo.org\/wcmsp5\/groups\/public\/---ed_dialogue\/---actrav\/documents\/publication\/wcms_486550.pdf\" data-type=\"URL\" data-id=\"https:\/\/www.ilo.org\/wcmsp5\/groups\/public\/---ed_dialogue\/---actrav\/documents\/publication\/wcms_486550.pdf\">Syndicats et travail des enfants. Un outil d&rsquo;action<\/a>, parmi beaucoup d&rsquo;autres, qui peut \u00eatre consult\u00e9 par le biais de mots-cl\u00e9s (tels que \u00ab\u00a0travail des enfants\u00a0\u00bb) dans la recherche sur le site de l&rsquo;IE.<\/p>\n\n\n\n<p>Pour approfondir les relations interg\u00e9n\u00e9rationnelles, \u00e0 l&rsquo;instar de certaines questions soulev\u00e9es \u00e0 d&rsquo;autres dates, les \u00e9tudiants peuvent \u00eatre encourag\u00e9s \u00e0 se renseigner aupr\u00e8s de leur famille, de leurs a\u00een\u00e9s&#8230; et surtout de leurs grands-parents, pour savoir comment ils ont \u00e9t\u00e9 \u00e9lev\u00e9s, s&rsquo;ils ont d\u00fb travailler pendant leur enfance, \u00e0 quel \u00e2ge&#8230;<\/p>\n\n\n\n<p>Parmi les diff\u00e9rentes ressources disponibles en ligne, on peut citer les suivantes :<\/p>\n\n\n\n<ul class=\"wp-block-list\">\n<li><a href=\"https:\/\/www.epdata.es\/datos\/trabajo-infantil-mundo-datos-graficos\/388\" target=\"_blank\" rel=\"noreferrer noopener\">Le travail des enfants dans le monde, en donn\u00e9es et graphiques<\/a><\/li>\n\n\n\n<li><a rel=\"noreferrer noopener\" href=\"https:\/\/www.newtral.es\/los-datos-del-trabajo-infantil-en-el-mundo\/20190612\/\" target=\"_blank\"> Article: Les donn\u00e9es du travail des enfants dans le monde <\/a><\/li>\n<\/ul>\n\n\n\n<figure class=\"wp-block-image size-large\"><img loading=\"lazy\" decoding=\"async\" width=\"1024\" height=\"612\" src=\"https:\/\/agendaescolar.lenguasdearagon.org\/wp-content\/uploads\/2022\/08\/fotonoticia_20190611180750-1906761079_1500-1024x612.jpg\" alt=\" class=\" class=\"wp-image-2134\" srcset=\"https:\/\/agendaescolar.lenguasdearagon.org\/wp-content\/uploads\/2022\/08\/fotonoticia_20190611180750-1906761079_1500-1024x612.jpg 1024w, https:\/\/agendaescolar.lenguasdearagon.org\/wp-content\/uploads\/2022\/08\/fotonoticia_20190611180750-1906761079_1500-300x179.jpg 300w, https:\/\/agendaescolar.lenguasdearagon.org\/wp-content\/uploads\/2022\/08\/fotonoticia_20190611180750-1906761079_1500-768x459.jpg 768w, https:\/\/agendaescolar.lenguasdearagon.org\/wp-content\/uploads\/2022\/08\/fotonoticia_20190611180750-1906761079_1500.jpg 1500w\" sizes=\"auto, (max-width: 1024px) 100vw, 1024px\" \/><\/figure>\n\n\n\n<figure class=\"wp-block-image size-large\"><img loading=\"lazy\" decoding=\"async\" width=\"1024\" height=\"576\" src=\"https:\/\/agendaescolar.lenguasdearagon.org\/wp-content\/uploads\/2022\/08\/GRAFICO_TRABAJO_INFANTIL_V02-1024x576.jpg\" alt=\" class=\" class=\"wp-image-2139\" srcset=\"https:\/\/agendaescolar.lenguasdearagon.org\/wp-content\/uploads\/2022\/08\/GRAFICO_TRABAJO_INFANTIL_V02-1024x576.jpg 1024w, https:\/\/agendaescolar.lenguasdearagon.org\/wp-content\/uploads\/2022\/08\/GRAFICO_TRABAJO_INFANTIL_V02-300x169.jpg 300w, https:\/\/agendaescolar.lenguasdearagon.org\/wp-content\/uploads\/2022\/08\/GRAFICO_TRABAJO_INFANTIL_V02-768x432.jpg 768w, https:\/\/agendaescolar.lenguasdearagon.org\/wp-content\/uploads\/2022\/08\/GRAFICO_TRABAJO_INFANTIL_V02.jpg 1080w\" sizes=\"auto, (max-width: 1024px) 100vw, 1024px\" \/><\/figure>\n\n\n\n<div class=\"wp-block-columns is-layout-flex wp-container-core-columns-is-layout-9d6595d7 wp-block-columns-is-layout-flex\">\n<div class=\"wp-block-column is-layout-flow wp-block-column-is-layout-flow\" style=\"flex-basis:66.66%\">\n<p>Des notions de consommation responsable peuvent \u00e9galement \u00eatre introduites : peut-\u00eatre certains des produits que nous consommons ont-ils fait travailler des enfants dans des pays du tiers-monde.<\/p>\n\n\n\n<p>Cette proposition a un caract\u00e8re transversal dans le programme d&rsquo;\u00e9tudes. Il contribue \u00e0 d\u00e9velopper les valeurs inh\u00e9rentes au principe d&rsquo;\u00e9galit\u00e9 de traitement et de non-discrimination sur la base de toute condition ou circonstance personnelle ou sociale, en int\u00e9grant des \u00e9l\u00e9ments li\u00e9s aux risques d&rsquo;exploitation et d&rsquo;abus.<\/p>\n<\/div>\n\n\n\n<div class=\"wp-block-column is-layout-flow wp-block-column-is-layout-flow\" style=\"flex-basis:33.33%\">\n<figure class=\"wp-block-image size-large\"><a href=\"https:\/\/diario16.com\/el-trabajo-infantil-una-tragedia-a-erradicar\/\" target=\"_blank\" rel=\"noreferrer noopener\"><img loading=\"lazy\" decoding=\"async\" width=\"1024\" height=\"993\" src=\"https:\/\/agendaescolar.lenguasdearagon.org\/wp-content\/uploads\/2022\/08\/trabajo-infantil-1068x1036-1-1024x993.jpg\" alt=\" class=\" class=\"wp-image-2144\" srcset=\"https:\/\/agendaescolar.lenguasdearagon.org\/wp-content\/uploads\/2022\/08\/trabajo-infantil-1068x1036-1-1024x993.jpg 1024w, https:\/\/agendaescolar.lenguasdearagon.org\/wp-content\/uploads\/2022\/08\/trabajo-infantil-1068x1036-1-300x291.jpg 300w, https:\/\/agendaescolar.lenguasdearagon.org\/wp-content\/uploads\/2022\/08\/trabajo-infantil-1068x1036-1-768x745.jpg 768w, https:\/\/agendaescolar.lenguasdearagon.org\/wp-content\/uploads\/2022\/08\/trabajo-infantil-1068x1036-1.jpg 1068w\" sizes=\"auto, (max-width: 1024px) 100vw, 1024px\" \/><\/a><figcaption class=\"wp-element-caption\"><a href=\"https:\/\/diario16.com\/el-trabajo-infantil-una-tragedia-a-erradicar\/\" target=\"_blank\" rel=\"noreferrer noopener\">Article \u00ab Le travail des enfants, une trag\u00e9die \u00e0 \u00e9radiquer \u00bb &#8211; Journal 16<\/a><\/figcaption><\/figure>\n<\/div>\n<\/div>\n\n\n\n<h4 class=\"wp-block-heading\">Objectifs que cette proposition contribue \u00e0 atteindre<\/h4>\n\n\n\n<h5 class=\"wp-block-heading\">ESO:<\/h5>\n\n\n\n<ul class=\"wp-block-list\">\n<li>Assumer leurs devoirs de mani\u00e8re responsable, conna\u00eetre et exercer leurs droits dans le respect d&rsquo;autrui, pratiquer la tol\u00e9rance, la coop\u00e9ration et la solidarit\u00e9 entre les individus et les groupes, s&rsquo;exercer au dialogue, renforcer les droits de l&rsquo;homme et l&rsquo;\u00e9galit\u00e9 de traitement et de chances entre les femmes et les hommes, en tant que valeurs communes d&rsquo;une soci\u00e9t\u00e9 plurielle, et se pr\u00e9parer \u00e0 l&rsquo;exercice de la citoyennet\u00e9 d\u00e9mocratique.<\/li>\n\n\n\n<li>Renforcer leurs capacit\u00e9s affectives dans tous les domaines de leur personnalit\u00e9 et dans leurs relations avec les autres, ainsi que de rejeter la violence, les pr\u00e9jug\u00e9s de toute nature, les comportements sexistes et de r\u00e9soudre pacifiquement les conflits.<\/li>\n<\/ul>\n\n\n\n<h5 class=\"wp-block-heading\">Baccalaur\u00e9at:<\/h5>\n\n\n\n<ul class=\"wp-block-list\">\n<li>Exercer une citoyennet\u00e9 d\u00e9mocratique, dans une perspective globale, et acqu\u00e9rir une conscience civique responsable, inspir\u00e9e par les valeurs de la Constitution espagnole, ainsi que par les droits de l&rsquo;homme, qui favorise la coresponsabilit\u00e9 dans la construction d&rsquo;une soci\u00e9t\u00e9 \u00e9quitable et juste.<\/li>\n\n\n\n<li>Consolider la maturit\u00e9 personnelle et sociale qui leur permet d&rsquo;agir de mani\u00e8re responsable et autonome et de d\u00e9velopper leur esprit critique. Pr\u00e9voir et r\u00e9soudre pacifiquement les conflits personnels, familiaux et sociaux.<\/li>\n\n\n\n<li>Promouvoir l&rsquo;\u00e9galit\u00e9 effective des droits et des chances entre les hommes et les femmes, analyser et \u00e9valuer de mani\u00e8re critique les in\u00e9galit\u00e9s et les discriminations existantes, notamment la violence \u00e0 l&rsquo;\u00e9gard des femmes, et promouvoir l&rsquo;\u00e9galit\u00e9 r\u00e9elle et la non-discrimination des personnes pour toute condition ou circonstance personnelle ou sociale, en accordant une attention particuli\u00e8re aux personnes handicap\u00e9es.<\/li>\n\n\n\n<li>Conna\u00eetre et \u00e9valuer de mani\u00e8re critique les r\u00e9alit\u00e9s du monde contemporain, son contexte historique et les principaux facteurs de son \u00e9volution. Participer de mani\u00e8re solidaire au d\u00e9veloppement et \u00e0 l&rsquo;am\u00e9lioration de leur environnement social.<\/li>\n<\/ul>\n\n\n\n<p><strong>Sujets avec lesquels ell peut \u00eatre li\u00e9e<\/strong><\/p>\n\n\n\n<ul class=\"wp-block-list\">\n<li>Valeurs \u00e9thiques (ESO, 1er et 2e cycles)<\/li>\n\n\n\n<li>\u00c9ducation \u00e0 la citoyennet\u00e9 et aux droits de l&rsquo;homme (ESO, deuxi\u00e8me cycle)<\/li>\n\n\n\n<li>Baccalaur\u00e9at: \u00c0 attribuer en fonction de la modalit\u00e9<\/li>\n<\/ul>\n\n\n\n<p><strong>D\u00e9veloppement des comp\u00e9tences<\/strong><\/p>\n\n\n\n<ul class=\"wp-block-list\">\n<li>Comp\u00e9tences sociales et civiques<\/li>\n<\/ul>\n","protected":false},"excerpt":{"rendered":"<p>JE ME FICHE DES DEVOIRS, OU\u2026 PAS? D&rsquo;o\u00f9 me vient cet enthousiasme pour aller en cours ? L&rsquo;autre jour, j&rsquo;ai rencontr\u00e9 ma nouvelle camarade de &#8230;<\/p>\n","protected":false},"author":5,"featured_media":0,"comment_status":"closed","ping_status":"open","sticky":false,"template":"","format":"standard","meta":{"_monsterinsights_skip_tracking":false,"_monsterinsights_sitenote_active":false,"_monsterinsights_sitenote_note":"","_monsterinsights_sitenote_category":0,"footnotes":""},"categories":[52],"tags":[],"class_list":["post-2280","post","type-post","status-publish","format-standard","hentry","category-non-classifiee"],"_links":{"self":[{"href":"https:\/\/agendaescolar.lenguasdearagon.org\/fr\/wp-json\/wp\/v2\/posts\/2280","targetHints":{"allow":["GET"]}}],"collection":[{"href":"https:\/\/agendaescolar.lenguasdearagon.org\/fr\/wp-json\/wp\/v2\/posts"}],"about":[{"href":"https:\/\/agendaescolar.lenguasdearagon.org\/fr\/wp-json\/wp\/v2\/types\/post"}],"author":[{"embeddable":true,"href":"https:\/\/agendaescolar.lenguasdearagon.org\/fr\/wp-json\/wp\/v2\/users\/5"}],"replies":[{"embeddable":true,"href":"https:\/\/agendaescolar.lenguasdearagon.org\/fr\/wp-json\/wp\/v2\/comments?post=2280"}],"version-history":[{"count":14,"href":"https:\/\/agendaescolar.lenguasdearagon.org\/fr\/wp-json\/wp\/v2\/posts\/2280\/revisions"}],"predecessor-version":[{"id":3615,"href":"https:\/\/agendaescolar.lenguasdearagon.org\/fr\/wp-json\/wp\/v2\/posts\/2280\/revisions\/3615"}],"wp:attachment":[{"href":"https:\/\/agendaescolar.lenguasdearagon.org\/fr\/wp-json\/wp\/v2\/media?parent=2280"}],"wp:term":[{"taxonomy":"category","embeddable":true,"href":"https:\/\/agendaescolar.lenguasdearagon.org\/fr\/wp-json\/wp\/v2\/categories?post=2280"},{"taxonomy":"post_tag","embeddable":true,"href":"https:\/\/agendaescolar.lenguasdearagon.org\/fr\/wp-json\/wp\/v2\/tags?post=2280"}],"curies":[{"name":"wp","href":"https:\/\/api.w.org\/{rel}","templated":true}]}}