{"id":2447,"date":"2022-09-12T11:53:04","date_gmt":"2022-09-12T09:53:04","guid":{"rendered":"https:\/\/agendaescolar.lenguasdearagon.org\/?p=2447"},"modified":"2023-05-15T11:31:50","modified_gmt":"2023-05-15T09:31:50","slug":"atras-calendatas-relevans","status":"publish","type":"post","link":"https:\/\/agendaescolar.lenguasdearagon.org\/an\/atras-calendatas-relevans\/","title":{"rendered":"Atras calendatas relevans"},"content":{"rendered":"\n<h2 class=\"wp-block-heading\">2023<\/h2>\n\n\n\n<h3 class=\"wp-block-heading\" id=\"dia-europeo-deporte-escolar\">25 de setiembre: D\u00eda Europeu d&#8217;o Esporte Escolar<\/h3>\n\n\n\n<p>D\u00eda dedicau a divertir-se, a chugar chuntos, ta promover l&#8217;autividat fisica y a salut ta toz y totas. Ye l&#8217;evento de mayor impauto en o marco d&#8217;a Semana Europea d&#8217;o Esporte.<\/p>\n\n\n\n<figure class=\"wp-block-embed is-type-wp-embed is-provider-deporte-para-la-educacion-y-la-salud wp-block-embed-deporte-para-la-educacion-y-la-salud\"><div class=\"wp-block-embed__wrapper\">\n<blockquote class=\"wp-embedded-content\" data-secret=\"BGHpk1q0fD\"><a href=\"https:\/\/www.educacondeporte.org\/essd\/\">D\u00eda Europeo del Deporte Escolar (ESSD) &#8211; D\u00eda Internacional del Deporte Escolar<\/a><\/blockquote><iframe loading=\"lazy\" class=\"wp-embedded-content\" sandbox=\"allow-scripts\" security=\"restricted\" style=\"position: absolute; clip: rect(1px, 1px, 1px, 1px);\" title=\"\u00abD\u00eda Europeo del Deporte Escolar (ESSD) &#8211; D\u00eda Internacional del Deporte Escolar\u00bb \u2014 Deporte para la Educaci\u00f3n y la Salud\" src=\"https:\/\/www.educacondeporte.org\/essd\/embed\/#?secret=UgxD0U8lbr#?secret=BGHpk1q0fD\" data-secret=\"BGHpk1q0fD\" width=\"600\" height=\"338\" frameborder=\"0\" marginwidth=\"0\" marginheight=\"0\" scrolling=\"no\"><\/iframe>\n<\/div><\/figure>\n\n\n\n<ul class=\"wp-block-list\">\n<li><a rel=\"noreferrer noopener\" href=\"https:\/\/www.educacionyfp.gob.es\/va\/mc\/sgctie\/comunicacion\/noticias\/2020\/septiembre2020\/dia-del-deporte.html\" target=\"_blank\">Zelebrazi\u00f3n d&#8217;o D\u00eda Europeu d&#8221;o Esporte Escolar: o ESSD 2020 &#8211; SGCTIE | Ministerio d&#8217;Educazi\u00f3n y Formazi\u00f3n Profesional<\/a><\/li>\n<\/ul>\n\n\n\n<h3 class=\"wp-block-heading\" id=\"dia-mundial-docentes\">5 d&#8217;octubre: D\u00eda Mundial d&#8217;os Dozens<\/h3>\n\n\n\n<p>Enlazada dende: D\u00eda Internazional d&#8217;a Educazi\u00f3n (24 de chinero)<\/p>\n\n\n\n<p>A Unesco y a Organizazi\u00f3n Internazional d&#8221;o Treballo dezidioron rendir omenache en ista calendata a una d&#8217;as profesions m\u00e1s valiosas dentro de cualsequier soziedat: a ense\u00f1anza. Os y as dozens tienen o deber y a pasi\u00f3n de formar a las chenerazions futuras y asinas guarenziar o desembolique d&#8217;os pa\u00edses.<\/p>\n\n\n\n<ul class=\"wp-block-list\">\n<li><a rel=\"noreferrer noopener\" href=\"https:\/\/www.diainternacionalde.com\/ficha\/dia-mundial-de-los-docentes\" target=\"_blank\">D\u00eda Mundial d&#8217;os Dozens<\/a><\/li>\n\n\n\n<li><a rel=\"noreferrer noopener\" href=\"https:\/\/www.unesco.org\/es\/days\/teachers\" target=\"_blank\">UNESCO | D\u00eda Mundial d&#8217;os Dozens<\/a><\/li>\n<\/ul>\n\n\n\n<h3 class=\"wp-block-heading\">20 de noviembre: D\u00eda Universal d&#8217;o Nino<\/h3>\n\n\n\n<ul class=\"wp-block-list\">\n<li><a href=\"https:\/\/www.unicef.es\/causas\/derechos-ninos\/dia-internacional-nino\">UNICEF | D\u00eda internazional d&#8217;o Nino<\/a><\/li>\n<\/ul>\n\n\n\n<p>Ye un d\u00eda de zelebrazi\u00f3n por os abanzes conseguius, pero sobre tot ye un d\u00eda ta clamar l&#8217;atenzi\u00f3n sobre a situazi\u00f3n d&#8217;os ninos m\u00e1s desfavorezius, dar a conoxer os dreitos d&#8217;a infanzia y conzenziar a las personas d&#8217;a importanzia de treballar d\u00eda a d\u00eda por o suyo bienestar y desembolique.<\/p>\n\n\n\n<h3 class=\"wp-block-heading\" id=\"dia-constitucion-espanola\">6 d&#8217;aviento: D\u00eda d&#8217;a Constituzi\u00f3n Espa\u00f1ola<\/h3>\n\n\n\n<ul class=\"wp-block-list\">\n<li><a rel=\"noreferrer noopener\" href=\"https:\/\/www.lamoncloa.gob.es\/espana\/leyfundamental\/Paginas\/index.aspx\" target=\"_blank\">A Moncloa. Constituzi\u00f3n Espa\u00f1ola<\/a><\/li>\n<\/ul>\n\n\n\n<p>A Constituzi\u00f3n de 1978, aprebada por os espa\u00f1ols en referendum zelebrau o 6 d&#8217;aviento, dentr\u00f3 en vigor o 29 d&#8217;aviento d&#8217;ixe mesmo a\u00f1o. Se redaut\u00f3 a partir d&#8217;as negoziazions y alcuerdos entre os diferens partius politicos con representazi\u00f3n parlamentaria y ye a que riche a vida politica y sozial en Espa\u00f1a.<\/p>\n\n\n\n<h3 class=\"wp-block-heading\" id=\"dia-internacional-montanas\">11 d&#8217;aviento: D\u00eda Internazional d&#8217;as Monta\u00f1as<\/h3>\n\n\n\n<ul class=\"wp-block-list\">\n<li><a href=\"https:\/\/www.un.org\/es\/observances\/mountain-day\">D\u00eda Internazional d&#8217;as Monta\u00f1as | Nazions Unidas<\/a><\/li>\n<\/ul>\n\n\n\n<p>As monta\u00f1as auespan o 15% d&#8217;a poblazi\u00f3n mundial y aproximadam\u00e9n a metat de la reserva d&#8217;a diversidat biolochica d&#8217;o mundo. Am\u00e1s, suministran augua dulza ta m\u00e1s d&#8217;a metat d&#8217;a umanidat. A suya conservazi\u00f3n resulta clau, como espezifica l&#8217;Obchetivo 15 d&#8221;os ODS. Manimenos, se troban menazadas por o cambio climatico y a sobreexplotazi\u00f3n. A mida que as cheleras de monta\u00f1a se derriten, os abitadors d&#8217;as alturas \u2014entre os m\u00e1s pobres d&#8217;o mundo\u2014 afruentan mayors dificultaz ta sobrevivir a causa d&#8217;as esferras naturals.<\/p>\n\n\n\n<p>A tot ixo cal  sumar o feito que dito derretimiento a una velozidat sin prezedens menaza o suministro d&#8217;augua dulza de millons de personas. Iste problema ye cosa de toz. Ye por ixo que aigamos de reduzir o si\u00f1al de carbono y cudiar iste tresoro natural.<\/p>\n\n\n\n<p>Iste creix\u00e9n intr\u00e9s sobre a importanzia d&#8217;as monta\u00f1as lev\u00f3 a l&#8217;Asambleya Cheneral a declarar 2002 como A\u00f1o Internazional d&#8217;as Monta\u00f1as, factor que empent\u00f3 que, en 2003, se zelebrase o primer D\u00eda Internazional.<\/p>\n\n\n\n<h3 class=\"wp-block-heading\">12 d&#8217;aviento: Escubrimiento d&#8217;una supernova dende de l&#8217;Observatorio Astronomico de Javalambre<\/h3>\n\n\n\n<ul class=\"wp-block-list\">\n<li><a rel=\"noreferrer noopener\" href=\"https:\/\/oajweb.cefca.es\/noticias\/mostrar\/index\/228\" target=\"_blank\">Zientificos d&#8217;o CEFCA descubren una supernova bautizada como JVAR21a | Observatorio Astrofisico de Javalambre<\/a><\/li>\n<\/ul>\n\n\n\n<p>Un equipo de zientificos liderau por o Zentro d&#8221;Estudios de F\u00edsica d&#8217;o Cosmos d&#8221;Arag\u00f3n (CEFCA) descubri\u00f3 o 12 d&#8217;aviento de 2021 una supernova localizada en a galaxia IIHz4, situada a uns 600 millons d&#8217;a\u00f1os luz d&#8217;a Tierra. L&#8217;obcheto esti\u00f3 detectau con o telescopio JAST80 de l&#8217;Observatorio Astrof\u00edsico de Javalambre (OAJ), dentro d&#8217;o proyeuto J-VAR, cual obchetivo ye a detezi\u00f3n y carauterizazi\u00f3n d&#8217;obchetos y fenomenos variables en l&#8217;Universo. A supernova, designada internam\u00e9n por l&#8217;equipo zientifico como JVAR21a, ha estau cuaternada por a Uni\u00f3n Astronomica Internazional (IAU) como AT 2021aggv.<\/p>\n\n\n\n<h3 class=\"wp-block-heading\" id=\"dia-internacional-migrante\">18 d&#8217;aviento: D\u00eda Internazional d&#8217;as Personas Migrans<\/h3>\n\n\n\n<ul class=\"wp-block-list\">\n<li><a rel=\"noreferrer noopener\" href=\"https:\/\/www.un.org\/es\/observances\/migrants-day\" target=\"_blank\">D\u00eda Internazional d&#8217;o Migr\u00e1n | Nazions Unida<\/a><\/li>\n<\/ul>\n\n\n\n<p>Os movimientos de poblazi\u00f3n son o resultau d&#8217;esferras, crisis economicas y situazions de pobreza extrema u conflicto, cual magnitut y frecuenzia no dixan d&#8217;aumentar. En 2020, i eba uns 281 millons migrans internazionals, o que corresponde a lo 3,6 % d&#8217;a poblazi\u00f3n mundial.<\/p>\n\n\n\n<p>Toz istos fautors tendr\u00e1n repercusions de calau en as carauteristicas y l&#8217;alcanz d&#8217;a migrazi\u00f3n en o futuro, y determinar\u00e1n as estratechias y politicas que os pa\u00edses abr\u00e1n d&#8217;implementar ta aproveitar o potenzial d&#8217;a migrazi\u00f3n, sin dixar de costau a protezi\u00f3n d&#8217;os dreitos umanos fundamentals d&#8217;as personas migrans.<\/p>\n\n\n\n<h2 class=\"wp-block-heading\">2024<\/h2>\n\n\n\n<h3 class=\"wp-block-heading\" id=\"dia-derecho-aragones\">6 de chinero: D\u00eda dedicau a lo Dreito aragon\u00e9s<\/h3>\n\n\n\n<ul class=\"wp-block-list\">\n<li><a rel=\"noreferrer noopener\" href=\"https:\/\/identidadaragonesa.wordpress.com\/2012\/09\/21\/derecho-foral-introduccion\/\" target=\"_blank\">Dreito foral introduzi\u00f3n | A identidat d&#8217;Arag\u00f3n<\/a><\/li>\n\n\n\n<li><a rel=\"noreferrer noopener\" href=\"http:\/\/www.derechoaragones.es\/es\/inicio\/inicio.do\" target=\"_blank\">Biblioteca Virtual de dreito Aragon\u00e9s<\/a><\/li>\n\n\n\n<li><a rel=\"noreferrer noopener\" href=\"https:\/\/www.boe.es\/buscar\/act.php?id=BOA-d-2011-90007\" target=\"_blank\">Decreto lechislativo 1\/2011, de 22 de marzo, d&#8217;o Gubierno d&#8217;Arag\u00f3n<\/a>, por o cual s&#8217;apreba, con o t\u00edtol de \u201cCodigo d&#8217;o Dreito Foral d&#8217;Arag\u00f3n\u201d, o Testo refundido d&#8217;as Leis Zivils aragonesas: <\/li>\n<\/ul>\n\n\n\n<p>O dreito aragon\u00e9s, con una gran carga istorica y d&#8217;identidat, regla uei d\u00eda cuestiones tan importans en a vida cutiana como a capazidat ta logar, as relazions entre progenitores y deszendens, a mayor\u00eda d&#8217;edat zivil, o rechimen economico d&#8217;un matrimonio, o rechimen de suzesions, etz.&nbsp;<\/p>\n\n\n\n<h3 class=\"wp-block-heading\" id=\"dia-internacional-mujer-ciencia\">11 de febrero: D\u00eda Internazional d&#8217;a Nina y a Muller en a Zenzia<\/h3>\n\n\n\n<ul class=\"wp-block-list\">\n<li><a rel=\"noreferrer noopener\" href=\"https:\/\/www.un.org\/es\/observances\/women-and-girls-in-science-day\" target=\"_blank\">D\u00eda Internazional d&#8217;a Muller y a Nina en a Zenzia | Nazions Unidas<\/a><\/li>\n<\/ul>\n\n\n\n<p>En os zaguers dezenios, a comunidat internazional ha feito un gran esfuerzo ta inspirar y promover a partizipazi\u00f3n d&#8217;as mullers y as ninas en a zenzia. Manimenos, as mullers siguen trobando obstaclos ta desembolicar-se en ixe campo.<\/p>\n\n\n\n<p>Con a finalidat d&#8217;adubir l&#8217;azeso y a partizipazi\u00f3n plena y equitativa en a zenzia ta las mullers y as ninas, y am\u00e1s ta adubir a igualdat de chenero y l&#8217;empoderamiento d&#8217;as mullers y as ninas, l&#8217;Asambleya Cheneral d&#8221;as Nazions Unidas dezidi\u00f3 proclamar en 2016 l&#8217;11 de febrero como o D\u00eda Internazional d&#8217;a Muller y a Nina en a Zenzia.<\/p>\n\n\n\n<p>A igualdat entre os cheneros y l&#8217;empoderamiento d&#8217;as mullers y as ninas contribuyir\u00e1n dezisivam\u00e9n no nom\u00e1s a lo desembolique economico d&#8217;o mundo, sique tami\u00e9n a lo progreso respeutive a toz os obchetivos y metas de l&#8221;Achenda 2030 ta lo Desembolique Sostenible.<\/p>\n\n\n\n<h3 class=\"wp-block-heading\" id=\"dia-mundial-salud\">7 d&#8217;abril: D\u00eda Mundial d&#8217;a Salut<\/h3>\n\n\n\n<p><a rel=\"noreferrer noopener\" href=\"https:\/\/www.who.int\/es\/campaigns\/world-health-day\/2022\" target=\"_blank\">D\u00eda Mundial d&#8217;a salut 2022 | OMS<\/a><\/p>\n\n\n\n<p>A OMS calcula que, cada a\u00f1o, se produzen m\u00e1s de 13 millons de defunzions debidas a causas ambientals evitables, sin ir m\u00e1s luen, a la crisi climatica, que ye a mayor menaza ta la salut a la cuala s&#8217;enfrontina a umanidat.<\/p>\n\n\n\n<p>As nuestras dezisions politicas, sozials y comerzials son afavorindo a crisi climatica y sanitaria. M\u00e1s d&#8217;o 90% d&#8217;as personas alientan un aire insalubre que ye consecuenzia d&#8217;a crema de combustibles f\u00f3sils. A causa d&#8217;o calentamiento d&#8217;o planeta, os mosquins propagan as enfermedaz m\u00e1s luen y m\u00e1s rapido que dinantes. Os fenomenos meteorolochicos estremos, a degradazi\u00f3n d&#8217;o suelo y a escasez d&#8217;augua son desplazando a las personas y afeutando a la suya salut. A contaminazi\u00f3n y os plasticos plegan dica o fundo d&#8217;os nuestros ozianos m\u00e1s profundos, d&#8217;as monta\u00f1as m\u00e1s altas, y s&#8217;han ubierto paso en a nuestra cadena alimentaria. Os sistemas de fabricazi\u00f3n d&#8217;alimentos y bebidas mui transformaus y poco saludables son empentando una onda d&#8217;obesidat, aumentando o canzer y as enfermedaz cardiacas, a o mesmo tiempo que cheneran un terz\u00edo d&#8217;as emisions mundials de gases d&#8217;efeuto ibernadero.<\/p>\n\n\n\n<h3 class=\"wp-block-heading\" id=\"dia-internacional-trabajadores\">1 de mayo: D\u00eda Internazional d&#8217;os Treballadors<\/h3>\n\n\n\n<p><a rel=\"noreferrer noopener\" href=\"https:\/\/www.hrw.org\/es\/news\/2022\/04\/29\/el-1-de-mayo-debe-marcar-el-fin-de-la-violencia-y-el-acoso-en-el-trabajo\" target=\"_blank\">L&#8217;1 de mayo ha de marcar a fin d&#8217;a violenzia y l&#8217;enresto en o treballo | Human Rights Watch<\/a><\/p>\n\n\n\n<p>Ista calendata ye dende finals d&#8221;o sieglo XIX a chornada de commemorazi\u00f3n d&#8217;o movimiento obrero mundial, utilizada ta reyalizar diferens reivindicazions sozials y laborals a favor d&#8217;as clases treballaderas y, por estensi\u00f3n, d&#8217;a inmensa mayor\u00eda d&#8217;a soziedat. En ista reclamazi\u00f3n d&#8217;os dreitos d&#8217;os treballadors se demandan millors condizions laborals y s&#8217;exiche a los gubiernos a vichilanzia y potenziamiento d&#8217;ixos dreitos y una lechislazi\u00f3n que los reconoxca.<\/p>\n\n\n\n<p><\/p>\n","protected":false},"excerpt":{"rendered":"<p>2023 25 de setiembre: D\u00eda Europeu d&#8217;o Esporte Escolar D\u00eda dedicau a divertir-se, a chugar chuntos, ta promover l&#8217;autividat fisica y a salut ta toz &#8230;<\/p>\n","protected":false},"author":5,"featured_media":0,"comment_status":"closed","ping_status":"open","sticky":false,"template":"","format":"standard","meta":{"_monsterinsights_skip_tracking":false,"_monsterinsights_sitenote_active":false,"_monsterinsights_sitenote_note":"","_monsterinsights_sitenote_category":0,"footnotes":""},"categories":[39],"tags":[],"class_list":["post-2447","post","type-post","status-publish","format-standard","hentry","category-uncategorized-an"],"_links":{"self":[{"href":"https:\/\/agendaescolar.lenguasdearagon.org\/an\/wp-json\/wp\/v2\/posts\/2447","targetHints":{"allow":["GET"]}}],"collection":[{"href":"https:\/\/agendaescolar.lenguasdearagon.org\/an\/wp-json\/wp\/v2\/posts"}],"about":[{"href":"https:\/\/agendaescolar.lenguasdearagon.org\/an\/wp-json\/wp\/v2\/types\/post"}],"author":[{"embeddable":true,"href":"https:\/\/agendaescolar.lenguasdearagon.org\/an\/wp-json\/wp\/v2\/users\/5"}],"replies":[{"embeddable":true,"href":"https:\/\/agendaescolar.lenguasdearagon.org\/an\/wp-json\/wp\/v2\/comments?post=2447"}],"version-history":[{"count":3,"href":"https:\/\/agendaescolar.lenguasdearagon.org\/an\/wp-json\/wp\/v2\/posts\/2447\/revisions"}],"predecessor-version":[{"id":3785,"href":"https:\/\/agendaescolar.lenguasdearagon.org\/an\/wp-json\/wp\/v2\/posts\/2447\/revisions\/3785"}],"wp:attachment":[{"href":"https:\/\/agendaescolar.lenguasdearagon.org\/an\/wp-json\/wp\/v2\/media?parent=2447"}],"wp:term":[{"taxonomy":"category","embeddable":true,"href":"https:\/\/agendaescolar.lenguasdearagon.org\/an\/wp-json\/wp\/v2\/categories?post=2447"},{"taxonomy":"post_tag","embeddable":true,"href":"https:\/\/agendaescolar.lenguasdearagon.org\/an\/wp-json\/wp\/v2\/tags?post=2447"}],"curies":[{"name":"wp","href":"https:\/\/api.w.org\/{rel}","templated":true}]}}