{"id":2431,"date":"2022-09-08T12:00:00","date_gmt":"2022-09-08T10:00:00","guid":{"rendered":"https:\/\/agendaescolar.lenguasdearagon.org\/?p=2431"},"modified":"2022-09-20T19:40:35","modified_gmt":"2022-09-20T17:40:35","slug":"dia-internazional-de-lalfabetizazion","status":"publish","type":"post","link":"https:\/\/agendaescolar.lenguasdearagon.org\/an\/dia-internazional-de-lalfabetizazion\/","title":{"rendered":"D\u00eda Internazional de l&#8217;Alfabetizazi\u00f3n"},"content":{"rendered":"\n<div class=\"wp-block-group has-light-gray-background-color has-background is-layout-flow wp-block-group-is-layout-flow\">\n<h2 class=\"has-text-align-center wp-block-heading\">VIRAL Y NO VEYER PON<\/h2>\n\n\n\n<p>Te prexinas no poder tuitar? U meter-te un video de TikTok u Youtube y no comprender o que veyes? Qu\u00e9 orror, no? <\/p>\n\n\n\n<p>Prexina-te-lo: una amiga acaba de colgar un video en o cual apareixe bailando. Pareixe un m\u00e1s de muitos. Baila, bueno, pus ya ye, como fa en toz. Pero resulta que ha meso uns simbolez estra\u00f1os en o video.<\/p>\n\n\n\n<p>De sopet\u00f3n, suzede bella cosa que no eba pasau nunca: toz os vuestros amigos empezan a a\u00f1adir dibuixez pareixius a lo costau d&#8217;o video.<\/p>\n\n\n\n<p>Sabes que les pareixe mui divertiu porque a\u00f1aden caritas redindo-se, pero, con tot y con ixo, sigues sin comprender mui bien qu\u00e9 pasa. Qu\u00e9 les ye fendo tanta grazia? Por qu\u00e9 no dixan de meter linias y linias d&#8217;ixos s\u00edmbolos estra\u00f1os?<\/p>\n\n\n\n<p>Pasan os d\u00edas y as linias y linias de dibuixez se suzeden y o video d&#8217;a tuya amiga se fa viral. O mundo entero lo ye veyendo y redindo-se d&#8217;ixos simbolez que sobrepos\u00f3 en a pantalla en colgar o video. <\/p>\n\n\n\n<p>Sientes que han montau un club y a tu no t&#8217;ha convidau deng\u00fan y que tot ye pasando sin que tu formes parte d&#8217;ixo, pero si ye un video d&#8217;a tuya millor amiga! Abr\u00edas d&#8217;estar en primera linia d&#8217;a istoria! Manimenos, a sensazi\u00f3n que tiens ye que yes completam\u00e9n a la marguin. <\/p>\n\n\n\n<p>T&#8217;armas de valor por fin y le preguntas a la tuya amiga qu\u00e9 ye pasando y ella te contesta:<\/p>\n\n\n\n<p>\u201cYe verdat, tu no sabes leyer\u201d. <\/p>\n\n\n\n<p>T&#8217;esplica o que mete y por fin lo comprendes tot: a broma ye brutal, divertidisma. Cambiaba o video por completo y entiendes que s&#8217;aiga feito viral, pero t&#8217;abr\u00eda encantau formar parte d&#8217;ixo mientres pasaba. <\/p>\n\n\n\n<p>Bella vez has pensau en tot o que te perder\u00edas d&#8217;o mundo si no sabeses leyer y escribir? Nom\u00e1s con prexinar-lo, ya me siento totalm\u00e9n desplazada y a la marguin de tot o que ocurre cada d\u00eda, tu no?<\/p>\n\n\n\n<figure class=\"wp-block-image alignright size-large is-resized\"><img loading=\"lazy\" decoding=\"async\" src=\"https:\/\/www.svgrepo.com\/show\/175769\/down-arrow.svg\" alt=\" width=\" width=\"38\" height=\"53\"\/><\/figure>\n\n\n\n<p>Ye zierto que, en o nuestro entorno, o perzentache de personas analfabetas ye chico, pero, anque sigan pocas, quedan ag\u00fan personas en Arag\u00f3n que no saben leyer? Sigue leyendo ta descubrir-lo.<\/p>\n<\/div>\n\n\n\n<h4 class=\"wp-block-heading\"><strong>Descripzi\u00f3n<\/strong><\/h4>\n\n\n\n<p>Dende 1967, se zelebra o D\u00eda Internazional de l&#8217;Alfabetizazi\u00f3n en tot o mundo ta recordar a importanzia de l&#8217;Alfabetizazi\u00f3n como factor de dignidat y de dreitos umanos. Se pretende que ixa conzienziazi\u00f3n siga una empenta ta adubir abanzes en l&#8217;achenda d&#8217;alfabetizazi\u00f3n y asinas alcanzar una umanidat m\u00e1s instruyida y sostenible. <\/p>\n\n\n\n<p>Una soziedat m\u00e1s instruyida ye una soziedat m\u00e1s conszi\u00e9n d&#8217;os suyos dreitos y, por tanto, m\u00e1s libre.<\/p>\n\n\n\n<p>Tot y con os abanzes lograus, ag\u00fan queda muito camino por recorrer: am\u00e1n de 800 millons de personas adultas en o mundo siguen sin tener ag\u00fan as competenzias basicas en lectoescritura.<\/p>\n\n\n\n<h4 class=\"wp-block-heading\"><strong>M\u00e1s informazi\u00f3n:<\/strong><\/h4>\n\n\n\n<p>En a pachina web d&#8217;Unesco <a rel=\"noreferrer noopener\" href=\"https:\/\/es.unesco.org\/commemorations\/literacyday\" target=\"_blank\">d&#8217;o D\u00eda Internazional de l&#8217;Alfabetizazi\u00f3n.<\/a><\/p>\n\n\n\n<figure class=\"wp-block-image size-large\"><img loading=\"lazy\" decoding=\"async\" width=\"1024\" height=\"610\" src=\"https:\/\/agendaescolar.lenguasdearagon.org\/wp-content\/uploads\/2022\/07\/image-1024x610.png\" alt=\" class=\" class=\"wp-image-1671\" srcset=\"https:\/\/agendaescolar.lenguasdearagon.org\/wp-content\/uploads\/2022\/07\/image-1024x610.png 1024w, https:\/\/agendaescolar.lenguasdearagon.org\/wp-content\/uploads\/2022\/07\/image-300x179.png 300w, https:\/\/agendaescolar.lenguasdearagon.org\/wp-content\/uploads\/2022\/07\/image-768x458.png 768w, https:\/\/agendaescolar.lenguasdearagon.org\/wp-content\/uploads\/2022\/07\/image.png 1188w\" sizes=\"auto, (max-width: 1024px) 100vw, 1024px\" \/><\/figure>\n\n\n\n<p>Entre atras informazions, documentos y recursos, a pachina contiene os pormenores d&#8217;a nueva estratechia d&#8217;a Unesco ta l&#8217;Alfabetizazi\u00f3n de chovens y adultos (2020-2025).<\/p>\n\n\n\n<p class=\"has-light-gray-background-color has-background\">Os obchetivos y contenius d&#8217;ista propuesta pueden estar relazionaus con unatra calendata significativa tami\u00e9n abordada en iste proyeuto: o&nbsp;<a rel=\"noreferrer noopener\" href=\"https:\/\/agendaescolar.lenguasdearagon.org\/dia-internacional-de-la-educacion\/\" target=\"_blank\">D\u00eda Internazional d&#8217;a Educazi\u00f3n<\/a>&nbsp;(24 de chinero); en ixa pachina tami\u00e9n s&#8217;alude a lo D\u00eda Aragon\u00e9s d&#8217;a Educazi\u00f3n (30 de mayo).<\/p>\n\n\n\n<h4 class=\"wp-block-heading\"><strong>En Arag\u00f3n<\/strong><\/h4>\n\n\n\n<p>Aqu\u00ed l&#8217;analfabetismo ye mui marguinal, pero sigue esistindo. Entre o sieglo XX, a cheneralizazi\u00f3n d&#8217;a educazi\u00f3n primaria afavori\u00f3 que as nozions basicas de lectura y escritura podesen ir, a bonico, alcanzando a cuasi totas as capas d&#8217;a soziedat. Pero ixo no ha estau absoluto: as condizions de desigualdat sozial y economica en diferens ambitos han propiziau que ag\u00fan i aiga aragoneses y aragonesas que nunca han azediu a l&#8217;alfabetizazi\u00f3n. A cuesti\u00f3n migratoria tami\u00e9n planteya retos urchens. A zaguers de 2021, ag\u00fan i eba en Arag\u00f3n unas 9.000 personas adultas que no sabeban leyer ni escribir.<\/p>\n\n\n\n<p>Am\u00e1s, tami\u00e9n i hai analfabetismo funzional: chen que sabe leyer y escribir pero que nunca leye ni escribe.<\/p>\n\n\n\n<p>O Zentro Obrero de Formazi\u00f3n (CODEF), dentro d&#8217;a Fundazi\u00f3n Adunare ye un Zentro d&#8217;Educazi\u00f3n de Personas Adultas, leva muitos a\u00f1os en ista labor d&#8217;ense\u00f1anza inizial. Atros voluntarios y voluntarias de diferens organizazions no gubernamentals levan a cabo campa\u00f1as d&#8217;alfabetizazi\u00f3n que, sin duda, merexen estar apoyadas por as instituzions publicas.<\/p>\n\n\n\n<p class=\"has-text-align-center\"><img loading=\"lazy\" decoding=\"async\" width=\"567\" height=\"567\" src=\"https:\/\/lh4.googleusercontent.com\/1qt9_mDDQVniHfGrM27GpsHWNYi0S3hbA-_9d8u4hmzBEhcIURZJp9bl0A64zCywdy4XR2IVaMZApvbn_Me3bebjvGLc_ct5por1zmOSGcPXubMX2_ZjWHhMsVxPrrNaWFn7_0_TIi0JLnl4Ig\"><\/p>\n\n\n\n<h5 class=\"wp-block-heading\"><strong>Un detalle<\/strong><\/h5>\n\n\n\n<p>A teunoloch\u00eda fazilita ferramientas ta aduyar a l&#8217;alfabetizazi\u00f3n. Pero, a la suya vez, ixa mesma teunoloch\u00eda nos fa mui dependiens y a vezes imposa as suyas reglas: muitos abanzes teunolochicos, sustenius tami\u00e9n sobre as conoixenzias basicas de lectura y escritura, han prevocau que qui no los tienen (espezialm\u00e9n poblazi\u00f3n mayor) ag\u00fan queden m\u00e1s rezagaus.<\/p>\n\n\n\n<p>Una <a rel=\"noreferrer noopener\" href=\"https:\/\/www.cartv.es\/aragonnoticias\/noticias\/unos-9-000-aragoneses-todavia-se-consideran-analfabetos-5654\" target=\"_blank\">notizia en Arag\u00f3n TV (24 d&#8217;octubre de 2021)<\/a> inzidiba en as estratechias ta paliar l&#8217;analfabetismo, y meteba espezial azento en a breca dichital.<\/p>\n\n\n\n<p>No importa si l&#8217;analfabetismo ye dichital u manual, porque mientres queden personas que no puedan comunicar-se con o mundo que les rodeya quedar\u00e1 muito treballo por fer.<\/p>\n\n\n\n<p class=\"has-text-align-center\"><strong><img loading=\"lazy\" decoding=\"async\" width=\"567\" height=\"295\" src=\"https:\/\/lh6.googleusercontent.com\/G6sq6rmaAw1YZjn60-dzM0-THub_ark1mKuWO8qyiUYH0_dp-4AbsaDOxxfjvJDZq6VpEjzKH5c6CxNu9gbebHv3EGuYHjjEJ8yUtOSEPq17qjdIp2frYIV2_eDrcQ9XSpDBixQiC0giXad8Bw\"><\/strong><\/p>\n\n\n\n<h5 class=\"wp-block-heading\"><strong><strong>M\u00e1s informazi\u00f3n<\/strong><\/strong><\/h5>\n\n\n\n<p>Spot d&#8217;o D\u00eda Internazional de l&#8217;Alfabetizazi\u00f3n 2022: <a href=\"https:\/\/www.youtube.com\/watch?v=cmhTqq5rzIo\">\u201cTransformar os espazios d&#8217;aprendizache\u201d<\/a><\/p>\n\n\n\n<h5 class=\"wp-block-heading\"><strong><strong><strong>Proposas ta o\/a profesor\/a<\/strong><\/strong><\/strong><\/h5>\n\n\n\n<p>Se puede animar a l&#8217;alumnau a que indague en as suyas casas, entre os suyos mayors&#8230; espezialm\u00e9n con lolos y lolas, c\u00f3mo esti\u00f3 a suya educazi\u00f3n, dica qu\u00e9 edat estudioron, si abioron de meter-se a treballar mui luego, si les ese cuacau, en ixe caso, aber seguiu estudiando. Tami\u00e9n puede estar interes\u00e1n que les conten, seguntes os casos, qu\u00e9 lecturas recuerdan con m\u00e1s cari\u00f1o d&#8217;a suya infanzia, d&#8217;a suya choventut&#8230;  Espezial atenzi\u00f3n a alumnos y alumnas que puedan vivir situazions familiars de precariedad familiar.<\/p>\n\n\n\n<p>Puede organizar-se una mesa en comuna a partir de redazions, presentazions en Power Point&#8230;<\/p>\n\n\n\n<p class=\"has-text-align-center\"><img loading=\"lazy\" decoding=\"async\" width=\"567\" height=\"295\" src=\"https:\/\/lh5.googleusercontent.com\/ORuptVJqTxTgCaPKcMmFgEt_TyBN5t-wBa7zuqJLhqLn7VNQEKAY0N0nRmqwlPX_Ga1DDm4Z9AFm654twEL25pNLWJbgpnukA3fwVMV15386eQnb2WbXHlsuNjx-jWM2hSxw0PUjzIkfmHzJ5A\"><\/p>\n\n\n\n<div class=\"wp-block-group has-light-gray-background-color has-background is-layout-flow wp-block-group-is-layout-flow\">\n<p><em>Entre as estratechias basicas ta l&#8217;aplicazi\u00f3n d&#8217;o desembolique d&#8217;o curr\u00edculo d&#8217;a comunidat autonoma d&#8217;Arag\u00f3n, se troba o desembolique d&#8217;abelidaz comunicativas, a travi\u00e9s d&#8217;o progreso en a esprisi\u00f3n oral y o fomento d&#8217;a lectura y a escritura, en totas as materias en os distintos libels d&#8217;ense\u00f1anza.<\/em><\/p>\n\n\n\n<p><em>A presa de conzenzia arredol d&#8217;a importanzia d&#8217;ista commemorazi\u00f3n aduya a reforzar ixa estratechia. Como feito sozial y indicativo de realidaz sozials problematicas y de desigualdat global, l&#8217;analfabetismo ha d&#8217;estar abordau dende os aspeutos de cooperazi\u00f3n y solidaridat plantiaus en o curr\u00edculo.<\/em><\/p>\n<\/div>\n\n\n\n<h4 class=\"wp-block-heading\"><strong>Obchetivos que aduya a complir ista proposa<\/strong><\/h4>\n\n\n\n<h5 class=\"wp-block-heading\">ESO:<\/h5>\n\n\n\n<ul class=\"wp-block-list\"><li>Asumir responsablem\u00e9n os suyos debers, conoxer y exerzer os suyos dreitos en o respeto a os dem\u00e1s, prauticar a toleranzia, a cooperazi\u00f3n y a solidaridat entre as personas y grupos, exerzitar-se en o dialogo, afianzando os dreitos umanos y a igualdat de trato y d&#8217;oportunidaz entre mullers y ombres, como valors comunas d&#8217;una soziedat plural, y parar-se ta l&#8217;exerzizio d&#8217;a ziudadan\u00eda democratica.<\/li><li>Desarrollar destrezas basicas en a utilizazi\u00f3n d&#8217;as fuens d&#8217;informazi\u00f3n ta, con sentiu critico, alquirir nuevas conoixenzias.<\/li><\/ul>\n\n\n\n<h5 class=\"wp-block-heading\">Bachillerato:<\/h5>\n\n\n\n<ul class=\"wp-block-list\"><li>Exerzer a ziudadan\u00eda democratica, dende una perspeutiva global, y alquirir una conzenzia zivica responsable, inspirada por as valors d&#8217;a Constituzi\u00f3n espa\u00f1ola, asinas como por os dreitos umanos, que fomente a corresponsabilidat en a construzi\u00f3n d&#8217;una soziedat chusta y equitativa.<\/li><li>Consolidar una madurez personal y sozial que les permita actuar de forma responsable y autonoma y desarrollar o suyo esprito critico. Preveyer y resolver pazificam\u00e9n os conflictos personals, familiars y sozials.<\/li><li>Fomentar a igualdat efeutiva de dreitos y oportunidaz entre ombres y mullers, analisar y avaluar criticam\u00e9n as desigualdaz y discriminazions existens, y en particular a violenzia contra la muller y empentar a igualdat real y a no discriminazi\u00f3n d&#8217;as personas por cualsequier condizi\u00f3n u zircunstanzia personal u sozial, con atenzi\u00f3n espezial a las personas con discapazidat.<\/li><\/ul>\n\n\n\n<p><strong>Materias con as cualas puede vincular-se<\/strong><\/p>\n\n\n\n<ul class=\"wp-block-list\"><li>Luenga Castellana y Literatura (ESO, 1er y 2\u00ba ziclos)<\/li><li>Educazi\u00f3n ta la ziudadan\u00eda y os dreitos umanos (ESO, 2\u00ba ziclo)<\/li><li>Bachillerato: A asignar en funzi\u00f3n de modalidat<\/li><\/ul>\n\n\n\n<p><strong>Desembolique de competenzias<\/strong><\/p>\n\n\n\n<ul class=\"wp-block-list\"><li>Competenzia en comunicazi\u00f3n ling\u00fcistica.<\/li><li>Competenzias sozials y zivicas.<\/li><li>Conzenzia y esprisions culturals.<\/li><\/ul>\n","protected":false},"excerpt":{"rendered":"<p>VIRAL Y NO VEYER PON Te prexinas no poder tuitar? U meter-te un video de TikTok u Youtube y no comprender o que veyes? Qu\u00e9 &#8230;<\/p>\n","protected":false},"author":5,"featured_media":0,"comment_status":"closed","ping_status":"open","sticky":false,"template":"","format":"standard","meta":{"_monsterinsights_skip_tracking":false,"_monsterinsights_sitenote_active":false,"_monsterinsights_sitenote_note":"","_monsterinsights_sitenote_category":0,"footnotes":""},"categories":[39],"tags":[],"class_list":["post-2431","post","type-post","status-publish","format-standard","hentry","category-uncategorized-an"],"_links":{"self":[{"href":"https:\/\/agendaescolar.lenguasdearagon.org\/an\/wp-json\/wp\/v2\/posts\/2431","targetHints":{"allow":["GET"]}}],"collection":[{"href":"https:\/\/agendaescolar.lenguasdearagon.org\/an\/wp-json\/wp\/v2\/posts"}],"about":[{"href":"https:\/\/agendaescolar.lenguasdearagon.org\/an\/wp-json\/wp\/v2\/types\/post"}],"author":[{"embeddable":true,"href":"https:\/\/agendaescolar.lenguasdearagon.org\/an\/wp-json\/wp\/v2\/users\/5"}],"replies":[{"embeddable":true,"href":"https:\/\/agendaescolar.lenguasdearagon.org\/an\/wp-json\/wp\/v2\/comments?post=2431"}],"version-history":[{"count":3,"href":"https:\/\/agendaescolar.lenguasdearagon.org\/an\/wp-json\/wp\/v2\/posts\/2431\/revisions"}],"predecessor-version":[{"id":2563,"href":"https:\/\/agendaescolar.lenguasdearagon.org\/an\/wp-json\/wp\/v2\/posts\/2431\/revisions\/2563"}],"wp:attachment":[{"href":"https:\/\/agendaescolar.lenguasdearagon.org\/an\/wp-json\/wp\/v2\/media?parent=2431"}],"wp:term":[{"taxonomy":"category","embeddable":true,"href":"https:\/\/agendaescolar.lenguasdearagon.org\/an\/wp-json\/wp\/v2\/categories?post=2431"},{"taxonomy":"post_tag","embeddable":true,"href":"https:\/\/agendaescolar.lenguasdearagon.org\/an\/wp-json\/wp\/v2\/tags?post=2431"}],"curies":[{"name":"wp","href":"https:\/\/api.w.org\/{rel}","templated":true}]}}